{"id":1005,"date":"2018-01-08T16:01:09","date_gmt":"2018-01-08T15:01:09","guid":{"rendered":"http:\/\/euwps02.tecnavia.com\/ilmercoledi\/news\/?p=1005"},"modified":"2018-02-08T07:58:37","modified_gmt":"2018-02-08T06:58:37","slug":"moncalieri-ritorna-chiedi-al-commercialista","status":"publish","type":"post","link":"https:\/\/www.ilmercoledi.news\/2018\/01\/08\/moncalieri-ritorna-chiedi-al-commercialista\/","title":{"rendered":"A Moncalieri ritorna: &#8220;Chiedi al commercialista&#8221;"},"content":{"rendered":"<p align=\"JUSTIFY\">Ricomincia con il nuovo anno il servizio gratuito dedicato ai cittadini che desiderano approfondire tematiche amministrative, gestionali e fiscali come l\u2019associazionismo, l\u2019imprenditoria, le fonti di finanziamento, la partita IVA, il lavoro atipico.<\/p>\n<p align=\"JUSTIFY\">A partire dal 23 Gennaio 2018 sar\u00e0 possibile usufruire nuovamente di consulenze con un esperto commercialista su tematiche specifiche in ambito fiscale: come avviare un\u2019attivit\u00e0 o un\u2019associazione? E\u2019 possibile ricevere finanziamenti? Come si compila la dichiarazione dei redditi? Quando conviene aprire la partita IVA agevolata?<\/p>\n<p align=\"JUSTIFY\">\u201c<i><b>Chiedi al commercialista<\/b><\/i><i> \u00e8 un servizio gratuito dedicato ai giovani cittadini di Moncalieri\u201d <\/i>spiegano il Sindaco Paolo Montagna e il capo di Gabinetto Davide Guida<i> \u201cche nasce dalla collaborazione con l\u2019Ordine dei Commercialisti ed Esperti Contabili di Torino. La Citt\u00e0 mette a disposizione una consulenza individuale gratuita della durata di 30 minuti per rispondere a dubbi e necessit\u00e0 informative sui temi della fiscalit\u00e0<\/i>\u201d<\/p>\n<p align=\"JUSTIFY\">Il commercialista sar\u00e0 disponibile dalle ore 15 alle ore 17 nelle seguenti date: marted\u00ec 23 gennaio, marted\u00ec 20 febbraio, marted\u00ec 20 marzo, marted\u00ec 17 aprile e marted\u00ec 22 maggio 2018.<\/p>\n<p align=\"JUSTIFY\">Per informazioni e prenotazioni: <b>MoncalierInforma<\/b>, Via Real Collegio 44, Telo 011 642238, moncalieri.informa@comune.moncalieri.to.it (indicare, nella mail, l\u2019argomento e il proprio recapito telefonico).<\/p>\n","protected":false},"excerpt":{"rendered":"","protected":false},"author":11,"featured_media":1006,"comment_status":"open","ping_status":"closed","sticky":false,"template":"","format":"standard","meta":[],"categories":[34],"tags":[],"news-destination":[],"news-source":[],"is_homepage":[],"ta_other":[],"_links":{"self":[{"href":"https:\/\/www.ilmercoledi.news\/ilmercoledi\/news\/wp-json\/wp\/v2\/posts\/1005"}],"collection":[{"href":"https:\/\/www.ilmercoledi.news\/ilmercoledi\/news\/wp-json\/wp\/v2\/posts"}],"about":[{"href":"https:\/\/www.ilmercoledi.news\/ilmercoledi\/news\/wp-json\/wp\/v2\/types\/post"}],"author":[{"embeddable":true,"href":"https:\/\/www.ilmercoledi.news\/ilmercoledi\/news\/wp-json\/wp\/v2\/users\/11"}],"replies":[{"embeddable":true,"href":"https:\/\/www.ilmercoledi.news\/ilmercoledi\/news\/wp-json\/wp\/v2\/comments?post=1005"}],"version-history":[{"count":1,"href":"https:\/\/www.ilmercoledi.news\/ilmercoledi\/news\/wp-json\/wp\/v2\/posts\/1005\/revisions"}],"predecessor-version":[{"id":1007,"href":"https:\/\/www.ilmercoledi.news\/ilmercoledi\/news\/wp-json\/wp\/v2\/posts\/1005\/revisions\/1007"}],"wp:featuredmedia":[{"embeddable":true,"href":"https:\/\/www.ilmercoledi.news\/ilmercoledi\/news\/wp-json\/wp\/v2\/media\/1006"}],"wp:attachment":[{"href":"https:\/\/www.ilmercoledi.news\/ilmercoledi\/news\/wp-json\/wp\/v2\/media?parent=1005"}],"wp:term":[{"taxonomy":"category","embeddable":true,"href":"https:\/\/www.ilmercoledi.news\/ilmercoledi\/news\/wp-json\/wp\/v2\/categories?post=1005"},{"taxonomy":"post_tag","embeddable":true,"href":"https:\/\/www.ilmercoledi.news\/ilmercoledi\/news\/wp-json\/wp\/v2\/tags?post=1005"},{"taxonomy":"news-destination","embeddable":true,"href":"https:\/\/www.ilmercoledi.news\/ilmercoledi\/news\/wp-json\/wp\/v2\/news-destination?post=1005"},{"taxonomy":"news-source","embeddable":true,"href":"https:\/\/www.ilmercoledi.news\/ilmercoledi\/news\/wp-json\/wp\/v2\/news-source?post=1005"},{"taxonomy":"is_homepage","embeddable":true,"href":"https:\/\/www.ilmercoledi.news\/ilmercoledi\/news\/wp-json\/wp\/v2\/is_homepage?post=1005"},{"taxonomy":"ta_other","embeddable":true,"href":"https:\/\/www.ilmercoledi.news\/ilmercoledi\/news\/wp-json\/wp\/v2\/ta_other?post=1005"}],"curies":[{"name":"wp","href":"https:\/\/api.w.org\/{rel}","templated":true}]}}