{"id":10290,"date":"2018-09-11T15:41:27","date_gmt":"2018-09-11T13:41:27","guid":{"rendered":"http:\/\/euwps02.tecnavia.com\/ilmercoledi\/news\/?p=10290"},"modified":"2018-09-11T15:41:28","modified_gmt":"2018-09-11T13:41:28","slug":"rally-roberto-novara-ritorno-al-citta-di-torino-per-il-driver-di-moncalieri","status":"publish","type":"post","link":"https:\/\/www.ilmercoledi.news\/2018\/09\/11\/rally-roberto-novara-ritorno-al-citta-di-torino-per-il-driver-di-moncalieri\/","title":{"rendered":"RALLY &#8211; Roberto Novara: \u00abritorno\u00bb al Citt\u00e0 di Torino per il driver di Moncalieri"},"content":{"rendered":"<p>MONCALIERI &#8211; Il Rally Citt\u00e0 di Torino incombe. La rinnovata versione della gara si svolger\u00e0 infatti nel fine settimana in arrivo, 14-15 settembre, articolandosi su un tracciato decisamente interessante. E tra le\u00a0 prime curiosit\u00e0 salta subito all\u2019occhio la presenza nell\u2019elenco iscritti del pilota di Moncalieri Roberto Novara. Il noto driver nostrano prender\u00e0 parte alla corsa con una Skoda Fabia R5 sponsorizzata dalla HRX di Moncalieri e navigata dall\u2019astigiano Massimo Barrera, un equipaggio che viene considerato tra i potenziali big dell\u2019evento motoristico. Parlando di protagonisti del Citt\u00e0 di Torino infatti si prospetta una sfida molto accesa, come ormai tradizione, tra una decina di vetture della classe top R5 fra le quali le Skoda Fabia di Araldo e Gagliasso i quali dovranno guardarsi dalla presenza del forte driver romano Andrea Minchella anch\u2019egli su una Skoda. Un tocco internazionale ci viene dagli svizzeri Perroud e \u201cIl Valli\u201d mentre completano la pattuglia in R5 il ligure Aragno e appunto i nostrani i torinesi Novara, Giorgioni, Ceriali tutti sulle Skoda, e Porta\u00a0 in gara su una Ford Fiesta.<\/p>\n","protected":false},"excerpt":{"rendered":"","protected":false},"author":10,"featured_media":10291,"comment_status":"open","ping_status":"closed","sticky":false,"template":"","format":"standard","meta":[],"categories":[10],"tags":[],"news-destination":[],"news-source":[],"is_homepage":[],"ta_other":[],"_links":{"self":[{"href":"https:\/\/www.ilmercoledi.news\/ilmercoledi\/news\/wp-json\/wp\/v2\/posts\/10290"}],"collection":[{"href":"https:\/\/www.ilmercoledi.news\/ilmercoledi\/news\/wp-json\/wp\/v2\/posts"}],"about":[{"href":"https:\/\/www.ilmercoledi.news\/ilmercoledi\/news\/wp-json\/wp\/v2\/types\/post"}],"author":[{"embeddable":true,"href":"https:\/\/www.ilmercoledi.news\/ilmercoledi\/news\/wp-json\/wp\/v2\/users\/10"}],"replies":[{"embeddable":true,"href":"https:\/\/www.ilmercoledi.news\/ilmercoledi\/news\/wp-json\/wp\/v2\/comments?post=10290"}],"version-history":[{"count":1,"href":"https:\/\/www.ilmercoledi.news\/ilmercoledi\/news\/wp-json\/wp\/v2\/posts\/10290\/revisions"}],"predecessor-version":[{"id":10292,"href":"https:\/\/www.ilmercoledi.news\/ilmercoledi\/news\/wp-json\/wp\/v2\/posts\/10290\/revisions\/10292"}],"wp:featuredmedia":[{"embeddable":true,"href":"https:\/\/www.ilmercoledi.news\/ilmercoledi\/news\/wp-json\/wp\/v2\/media\/10291"}],"wp:attachment":[{"href":"https:\/\/www.ilmercoledi.news\/ilmercoledi\/news\/wp-json\/wp\/v2\/media?parent=10290"}],"wp:term":[{"taxonomy":"category","embeddable":true,"href":"https:\/\/www.ilmercoledi.news\/ilmercoledi\/news\/wp-json\/wp\/v2\/categories?post=10290"},{"taxonomy":"post_tag","embeddable":true,"href":"https:\/\/www.ilmercoledi.news\/ilmercoledi\/news\/wp-json\/wp\/v2\/tags?post=10290"},{"taxonomy":"news-destination","embeddable":true,"href":"https:\/\/www.ilmercoledi.news\/ilmercoledi\/news\/wp-json\/wp\/v2\/news-destination?post=10290"},{"taxonomy":"news-source","embeddable":true,"href":"https:\/\/www.ilmercoledi.news\/ilmercoledi\/news\/wp-json\/wp\/v2\/news-source?post=10290"},{"taxonomy":"is_homepage","embeddable":true,"href":"https:\/\/www.ilmercoledi.news\/ilmercoledi\/news\/wp-json\/wp\/v2\/is_homepage?post=10290"},{"taxonomy":"ta_other","embeddable":true,"href":"https:\/\/www.ilmercoledi.news\/ilmercoledi\/news\/wp-json\/wp\/v2\/ta_other?post=10290"}],"curies":[{"name":"wp","href":"https:\/\/api.w.org\/{rel}","templated":true}]}}