{"id":10324,"date":"2018-09-12T18:00:47","date_gmt":"2018-09-12T16:00:47","guid":{"rendered":"http:\/\/euwps02.tecnavia.com\/ilmercoledi\/news\/?p=10324"},"modified":"2024-09-13T23:53:53","modified_gmt":"2024-09-13T21:53:53","slug":"isolabella-capitale-di-salumi-e-latte-di-qualita","status":"publish","type":"post","link":"https:\/\/www.ilmercoledi.news\/2018\/09\/12\/isolabella-capitale-di-salumi-e-latte-di-qualita\/","title":{"rendered":"Isolabella capitale di salumi e latte di qualit\u00e0"},"content":{"rendered":"<p><img alt=\"Isolabella capitale di salumi e latte di qualit\u00e0\" title=\"Isolabella capitale di salumi e latte di qualit\u00e0\" loading=\"lazy\" class=\"size-medium wp-image-10326\" src=\"https:\/\/www.ilmercoledi.news\/ilmercoledi\/news\/wp-content\/uploads\/sites\/3\/2018\/09\/Isolabella-Agricola-Ferrero-300x210.jpg\" alt=\"\" width=\"300\" height=\"210\" srcset=\"https:\/\/euwps05.newsmemory.com\/ilmercoledi\/news\/wp-content\/uploads\/sites\/3\/2018\/09\/Isolabella-Agricola-Ferrero-300x210.jpg 300w, https:\/\/euwps05.newsmemory.com\/ilmercoledi\/news\/wp-content\/uploads\/sites\/3\/2018\/09\/Isolabella-Agricola-Ferrero-768x537.jpg 768w, https:\/\/euwps05.newsmemory.com\/ilmercoledi\/news\/wp-content\/uploads\/sites\/3\/2018\/09\/Isolabella-Agricola-Ferrero-1024x716.jpg 1024w, https:\/\/euwps05.newsmemory.com\/ilmercoledi\/news\/wp-content\/uploads\/sites\/3\/2018\/09\/Isolabella-Agricola-Ferrero-750x524.jpg 750w, https:\/\/euwps05.newsmemory.com\/ilmercoledi\/news\/wp-content\/uploads\/sites\/3\/2018\/09\/Isolabella-Agricola-Ferrero.jpg 1671w\" sizes=\"(max-width: 300px) 100vw, 300px\" \/><\/p>\n<p>Isolabella \u00e8 uno dei centri demograficamente pi\u00f9 piccoli della provincia di Torino, ma mantiene una forte, dinamica e sorprendete vocazione zootecnica, con precise vocazioni alla produzione del latte e alla trasformazione delle carne. A farlo sono due attivit\u00e0 imprenditoriali di prim&#8217;ordine come i Prosciutti Rosa, del gruppo Raspini, e Isolabella Agricola che raggruppa tutti gli agricoltori di questa attiva comunit\u00e0.Oggi, mercoledi 12 settembre, \u00e8 stata una data storica, in quanto l&#8217;Assessore regionale all&#8217;Agricoltura Giorgio Ferrero ha fatto una lunga visita a queste due realt\u00e0, che sono tra le pi\u00f9 qualificate e, per volumi, tra le pi\u00f9 importanti del Piemonte. Al termine del tour che lo ha impegnato per 5 ore, Ferrero ha dichiarato &#8220;Ho verificato di persona la qualit\u00e0 delle loro produzioni e sono rimasto favorevolmente impressionato dalla professionalit\u00e0 e dalla passione degli imprenditori che le guidano. Davvero un bel modo di operare nell&#8217;ambito del cibo di qualit\u00e0, come Regione dobbiamo fare il possibile per essere al loro fianco&#8221;.La visita \u00e8 iniziata di buon ora al prosciuttificio Rosa. Qui ad attendere l&#8217;assessore Ferrero e una nutrita delegazione, composta anche dal Sindaco di Isolabella Silvia Colombatto e dal vicesindaco Franco Dellaferrera, c&#8217;era lo stato maggiore dell&#8217;azienda, con in prima fila il Presidente Umberto Raspini e la figlia Tiziana, vicePresidente, che riescono a far coesistere in un unico nome tradizione e innovazione, legame con il territorio e apertura verso i mercati esteri. Dopo una sintetica presentazione della storia dell&#8217;azienda Raspini, nata nel 1946, l&#8217;attenzione si \u00e8 spostata sullo stabilimento di Isolabella, che \u00e8 stato acquisito dalla societ\u00e0 Rosa nel 2002. Ha una superficie di 15 mila metri quadrati e occupa 16 persone. Quindi vi \u00e8 stata la visita allo stabilimento dotato di sofisticati sistemi di produzione, dove per\u00f2 a contare \u00e8 soprattutto la qualit\u00e0 della materia prima che viene utilizzata. &#8220;Per fare un prodotto di eccellenza &#8211; spiega Umberto Raspini, occorre avere strumenti all&#8217;avanguardia, ma sono basilari la professionalit\u00e0 dei lavoratori e le carni che si utilizzano e noi vogliamo il massimo dai fornitori, tutti piemontesi&#8221;. Dunque una filiera precisa, che permette di avere tutte le certificazioni europee e anche quella americana, che solo Raspini attualmente possiede. Per affrontare questo difficile mercato \u00e8 in progetto la creazione di un reparto nuovo proprio ad Isolabella. &#8220;Noi siamo imprenditori abituati ad investire nostre risorse e quindi attenti a non fare il passo pi\u00f9 lungo della gamba &#8211; ha ammesso il vulcanico Umberto Raspini &#8211; ,ma chiediamo alle istituzioni di fare la loro parte e di credere insieme a noi in queste sfide per affermare il valore della salumeria piemontese, che merita pi\u00f9 attenzione&#8221;.L&#8217;assessore Giorgio Ferrero ha assicurato l&#8217;impegno della Regione, cosa gi\u00e0 fatta in altri ambiti, come il riso e il vino.Il tour \u00a0\u00e8 proseguito poi nel tempio del latte, con la visita agli allevamenti di Isolabella Agricola, una societ\u00e0 nata nel 1982 per opera di sei soci, che attualmente \u00e8 formata da tutte le famiglie del comune che si occupano di agricoltura. Lavorano circa 600 giornate agricole e allevano circa mezzo migliaio mucche da latte, che ogni giorno producono 240 quintali di latte di grande qualit\u00e0. L&#8217;assessore, accompagnto sempre dal Sindaco, ha incontrato il presidente Filippo Menzio e diversi soci, tra cui alcuni giovani, che garantiscono il presente e il futuro di questa azienda, che per la quantit\u00e0 del latte prodotto \u00e8 tra le prime 5 del Piemonte. &#8220;E&#8217; una realt\u00e0 molto ben strutturata &#8211; commenta l&#8217;assessore regionale &#8211; unica nel suo genere ad aver realizzato tutto senza ricorrere a contributi. Opera in un settore complesso, che ha bisogno di essere costantemente monitorato. In prospettiva \u00e8 consigliabile fare delle analisi e delle valutazioni per considerare l&#8217;opportunit\u00e0 di diffenzazioni nella produzione&#8221;. Un processo che in parte Isolabella Agricola ha gi\u00e0 fatto con la costruzione di un impianto di biogas da 750 watt, che \u00e8 alimentato con letame e mais. Questo impianto potrebbe un giorno diventare una risorsa per tutta la comunit\u00e0 di Isolablella, realizzando una forte sinergia tra pubblico e privato.Filippo Menzio e i soci di Isolabella Agricola hanno ringraziato per la visita e per le proposte avanzate, di certo saranno oggetto di valutazioni nei prossimi mesi, quando il lavoro nei campi assorbir\u00e0 un po&#8217; meno di tempo.<\/p>\n","protected":false},"excerpt":{"rendered":"","protected":false},"author":6,"featured_media":10325,"comment_status":"open","ping_status":"closed","sticky":false,"template":"","format":"standard","meta":[],"categories":[34],"tags":[127,198,197],"news-destination":[],"news-source":[],"is_homepage":[],"ta_other":[],"_links":{"self":[{"href":"https:\/\/www.ilmercoledi.news\/ilmercoledi\/news\/wp-json\/wp\/v2\/posts\/10324"}],"collection":[{"href":"https:\/\/www.ilmercoledi.news\/ilmercoledi\/news\/wp-json\/wp\/v2\/posts"}],"about":[{"href":"https:\/\/www.ilmercoledi.news\/ilmercoledi\/news\/wp-json\/wp\/v2\/types\/post"}],"author":[{"embeddable":true,"href":"https:\/\/www.ilmercoledi.news\/ilmercoledi\/news\/wp-json\/wp\/v2\/users\/6"}],"replies":[{"embeddable":true,"href":"https:\/\/www.ilmercoledi.news\/ilmercoledi\/news\/wp-json\/wp\/v2\/comments?post=10324"}],"version-history":[{"count":5,"href":"https:\/\/www.ilmercoledi.news\/ilmercoledi\/news\/wp-json\/wp\/v2\/posts\/10324\/revisions"}],"predecessor-version":[{"id":39587,"href":"https:\/\/www.ilmercoledi.news\/ilmercoledi\/news\/wp-json\/wp\/v2\/posts\/10324\/revisions\/39587"}],"wp:featuredmedia":[{"embeddable":true,"href":"https:\/\/www.ilmercoledi.news\/ilmercoledi\/news\/wp-json\/wp\/v2\/media\/10325"}],"wp:attachment":[{"href":"https:\/\/www.ilmercoledi.news\/ilmercoledi\/news\/wp-json\/wp\/v2\/media?parent=10324"}],"wp:term":[{"taxonomy":"category","embeddable":true,"href":"https:\/\/www.ilmercoledi.news\/ilmercoledi\/news\/wp-json\/wp\/v2\/categories?post=10324"},{"taxonomy":"post_tag","embeddable":true,"href":"https:\/\/www.ilmercoledi.news\/ilmercoledi\/news\/wp-json\/wp\/v2\/tags?post=10324"},{"taxonomy":"news-destination","embeddable":true,"href":"https:\/\/www.ilmercoledi.news\/ilmercoledi\/news\/wp-json\/wp\/v2\/news-destination?post=10324"},{"taxonomy":"news-source","embeddable":true,"href":"https:\/\/www.ilmercoledi.news\/ilmercoledi\/news\/wp-json\/wp\/v2\/news-source?post=10324"},{"taxonomy":"is_homepage","embeddable":true,"href":"https:\/\/www.ilmercoledi.news\/ilmercoledi\/news\/wp-json\/wp\/v2\/is_homepage?post=10324"},{"taxonomy":"ta_other","embeddable":true,"href":"https:\/\/www.ilmercoledi.news\/ilmercoledi\/news\/wp-json\/wp\/v2\/ta_other?post=10324"}],"curies":[{"name":"wp","href":"https:\/\/api.w.org\/{rel}","templated":true}]}}