{"id":10565,"date":"2018-09-19T10:27:20","date_gmt":"2018-09-19T08:27:20","guid":{"rendered":"http:\/\/euwps02.tecnavia.com\/ilmercoledi\/news\/?p=10565"},"modified":"2018-09-19T10:27:22","modified_gmt":"2018-09-19T08:27:22","slug":"autocross-il-piemonte-ospita-lultima-delleuropeo","status":"publish","type":"post","link":"https:\/\/www.ilmercoledi.news\/2018\/09\/19\/autocross-il-piemonte-ospita-lultima-delleuropeo\/","title":{"rendered":"Autocross, il Piemonte ospita l\u2019ultima dell\u2019Europeo"},"content":{"rendered":"<p>MONCALIERI &#8211; Mancano ormai pochi giorni alla prova conclusiva del Campionato Europeo FIA di Autocross, il 31^ Trofeo Borgo Agnello, in programma il 21\/22\/23 settembre a Maggiora Offroad Arena. Si annuncia uno spettacolare weekend sul tracciato novarese, che ospiter\u00e0 l\u2019unico grande appuntamento internazionale in Italia di questa disciplina, il meglio dell\u2019Autocross Europeo riunito a Maggiora per offrire un grandissimo spettacolo sportivo. Saranno 93 le auto in gara, tra SuperBuggy (31), Buggy1600 (33), JuniorBuggy (15) e TouringAutocross (14), cui bisogna aggiungere i circa 72 KartCross che saranno impegnati nella prova non valida per il campionato, per un totale di oltre 160 vetture. Ben 14, in riferimento sempre ai piloti dell\u2019Europeo, le nazioni rappresentate: Olanda (19 piloti), Italia (16), Repubblica Ceca (15), Germania (10), Austria (5), Francia (5), Svizzera (5), Lettonia (4), Lussemburgo (3), Spagna (3), Russia (3), Moldavia (2, uno, Maxian che corre con licenza ucraina, l\u2019altro, Losi, con licenza bulgara), Slovenia (2) e Ungheria (1). Ecco alcuni dei nomi pi\u00f9 importanti iscritti. SuperBuggy. Si attende grande spettacolo al Pragiarolo per la categoria regina: domenica scorsa, a Saint Igny de Vers, Sua Maest\u00e0 Bernd Stubbe (Germania) che dopo 8 titoli europei al volante dei Buggy Fast &amp; Speed quest\u2019anno \u00e8 passato ad Alfa Racing e continua a dimostrare la sua classe, ha preso il comando della classifica e ha tutta l\u2019intenzione di conquistare l\u2019ennesimo titolo; Stubbe ha ora 13 punti di vantaggio (233 contro 220) sul lettone Ervins Grencis (Alfa Racing Volvo), precedentemente al comando della graduatoria. A 21 punti dal campione tedesco insegue l\u2019olandese Mike Bartelen (Trackline \u2013 Porsche GT3), a 26 Jakub Kubicek (Repubblica Ceca \u2013 Ford V6 Zomer). Saranno al via tra gli altri anche il carismatico pilota olandese Terry Callaghan, che con il suo nuovo Buggy MC Racing Ford ha gi\u00e0 conquistato un secondo posto a St. George de Montaigu, e l\u2019Imperatore Jaroslav Hosek, classe 1945 (!), numero di licenza 0001, in gara con il suo Nissan.<br \/>\nAl via anche il 4 volte campione europeo, dalla Repubblica Ceca, Petr Bartos (Buggy BMW M3 2500).<br \/>\nUno degli ultimi piloti iscritti \u00e8 l\u2019olandese Petes Versluis (Fast &amp; Speed), protagonista della Superklasse nel suo paese d\u2019origine, pilota versatile e in grado di passare con disinvoltura dal Rally alla Parigi \u2013 Dakar, dalle GT in pista fino ai Camion MAN. Altro olandese da tenere d\u2019occhio sar\u00e0 Fritz Duizendstra. Il pilota ufficiale F&amp;S 2018 Florent Tafani ha annunciato pochi giorni fa che la sua stagione si \u00e8 gi\u00e0 conclusa, ma la factory olandese per\u00f2 non vuole assolutamente mancare alla tappa italiana e per l\u2019occasione ha chiamato niente meno che l\u2019ex bicampione Buggy1600 (1997-1998), e campione SuperBuggy 2002, Duizendstra, vera e propria icona dell\u2019autocross europeo.<\/p>\n","protected":false},"excerpt":{"rendered":"","protected":false},"author":10,"featured_media":10566,"comment_status":"open","ping_status":"closed","sticky":false,"template":"","format":"standard","meta":[],"categories":[10],"tags":[],"news-destination":[],"news-source":[],"is_homepage":[],"ta_other":[],"_links":{"self":[{"href":"https:\/\/www.ilmercoledi.news\/ilmercoledi\/news\/wp-json\/wp\/v2\/posts\/10565"}],"collection":[{"href":"https:\/\/www.ilmercoledi.news\/ilmercoledi\/news\/wp-json\/wp\/v2\/posts"}],"about":[{"href":"https:\/\/www.ilmercoledi.news\/ilmercoledi\/news\/wp-json\/wp\/v2\/types\/post"}],"author":[{"embeddable":true,"href":"https:\/\/www.ilmercoledi.news\/ilmercoledi\/news\/wp-json\/wp\/v2\/users\/10"}],"replies":[{"embeddable":true,"href":"https:\/\/www.ilmercoledi.news\/ilmercoledi\/news\/wp-json\/wp\/v2\/comments?post=10565"}],"version-history":[{"count":1,"href":"https:\/\/www.ilmercoledi.news\/ilmercoledi\/news\/wp-json\/wp\/v2\/posts\/10565\/revisions"}],"predecessor-version":[{"id":10567,"href":"https:\/\/www.ilmercoledi.news\/ilmercoledi\/news\/wp-json\/wp\/v2\/posts\/10565\/revisions\/10567"}],"wp:featuredmedia":[{"embeddable":true,"href":"https:\/\/www.ilmercoledi.news\/ilmercoledi\/news\/wp-json\/wp\/v2\/media\/10566"}],"wp:attachment":[{"href":"https:\/\/www.ilmercoledi.news\/ilmercoledi\/news\/wp-json\/wp\/v2\/media?parent=10565"}],"wp:term":[{"taxonomy":"category","embeddable":true,"href":"https:\/\/www.ilmercoledi.news\/ilmercoledi\/news\/wp-json\/wp\/v2\/categories?post=10565"},{"taxonomy":"post_tag","embeddable":true,"href":"https:\/\/www.ilmercoledi.news\/ilmercoledi\/news\/wp-json\/wp\/v2\/tags?post=10565"},{"taxonomy":"news-destination","embeddable":true,"href":"https:\/\/www.ilmercoledi.news\/ilmercoledi\/news\/wp-json\/wp\/v2\/news-destination?post=10565"},{"taxonomy":"news-source","embeddable":true,"href":"https:\/\/www.ilmercoledi.news\/ilmercoledi\/news\/wp-json\/wp\/v2\/news-source?post=10565"},{"taxonomy":"is_homepage","embeddable":true,"href":"https:\/\/www.ilmercoledi.news\/ilmercoledi\/news\/wp-json\/wp\/v2\/is_homepage?post=10565"},{"taxonomy":"ta_other","embeddable":true,"href":"https:\/\/www.ilmercoledi.news\/ilmercoledi\/news\/wp-json\/wp\/v2\/ta_other?post=10565"}],"curies":[{"name":"wp","href":"https:\/\/api.w.org\/{rel}","templated":true}]}}