{"id":10598,"date":"2018-09-19T19:51:54","date_gmt":"2018-09-19T17:51:54","guid":{"rendered":"http:\/\/euwps02.tecnavia.com\/ilmercoledi\/news\/?p=10598"},"modified":"2018-09-19T19:52:57","modified_gmt":"2018-09-19T17:52:57","slug":"salute-un-convegno-sulla-qualita-dellaria-a-torino","status":"publish","type":"post","link":"https:\/\/www.ilmercoledi.news\/2018\/09\/19\/salute-un-convegno-sulla-qualita-dellaria-a-torino\/","title":{"rendered":"SALUTE &#8211; Un convegno sulla qualit\u00e0 dell&#8217;aria a Torino"},"content":{"rendered":"<p>Si \u00e8 svolto oggi a Torino, presso La Sala Bobbio, il seminario info formativo \u201c Qualit\u00e0 dell\u2019aria: gli attori, la normativa e le responsabilit\u00e0 sul territorio \u201d un\u2019importante riflessione intorno al tema della qualit\u00e0 dell\u2019aria, sempre pi\u00f9 un\u2019emergenza che necessit\u00e0 di un approccio integrato per essere risolta. La discussione ha fatto emergere la responsabilit\u00e0 degli Enti pubblici sull&#8217;emergenza dell&#8217;inquinamento atmosferico, ed ha affrontato le azioni per prevenire i rischi sulla salute e sul l&#8217;ambiente, gli aspetti legali e amministrativi per i Comuni che non sono metanizzati o lo sono solo in parte e infine ha prospettato soluzioni innovative e sostenibili da un punto di vista ambientale, economico e sociale, che rispettino le normative vigente e che siano in linea con le politiche energetiche nazionali ed europee. L&#8217;iniziativa, patrocinata dalla Citt\u00e0 di Torino , \u00e8 stata organizzata da Ancitel Energia e Ambiente in collaborazione con AssogasLiquidi-Federchimica, insieme all&#8217; Ordine degli Ingegneri della provincia di Torino e all\u2019 Ordine degli Architetti, Pianificatori, Paesaggisti e Conservatori della provincia di Torino. \u201cQualit\u00e0 dell\u2019aria vuol dire qualit\u00e0 della vita. Pe r questo \u2013 dichiara il Presidente di Assogasliquidi-Federchimica, Francesco Franchi &#8211; il dibattito di oggi ha rappresentato una valida occasione per fare il punto sulle azioni da mettere in piedi per tutelare la salute dei cittadini ed evitare il ripetersi delle emergenze legate all\u2019inquinamento atmosferico, con tutte le conseguenze economiche e sociosanitarie. Tra le azioni che le istituzioni, sia locali che nazionali, possono intraprendere c\u2019\u00e8 quella di puntare di pi\u00f9 su combustibili puliti e gi\u00e0 disponibili, come il GPL e il GNL. Studi scientifici, realizzati da istituti di ricerca pubblici, hanno dimostrato le propriet\u00e0 ecologiche di queste fonti e il basso impatto ambientale, rispetto a tutte le altre fonti energetiche impiegate per il riscaldamento domestico. Esse rappresentano quindi una soluzione gi\u00e0 pronta, oltre che versatile e di facile impiego per i comuni non metanizzati, per ridurre l\u2019inquinamento e migliorare la salute, e la vita, dei cittadini\u201d. \u201c Ringrazio il Comune di Torino e AssogasLiquidi &#8211; Federchimica\u2013 spiega il Presidente di Ancitel Energia e Ambiente Filippo Bernocchi- per l\u2019importante iniziativa che ha permesso di affrontare il problema della qualit\u00e0 dell\u2019aria con un approccio integrato, coinvolgendo gli enti locali che spesso non sono a conoscenza delle proprie responsabilit\u00e0 e delle opportunit\u00e0 legate all\u2019utilizzo di GPL e GNL, attraverso sistemi off grid\u201d.<\/p>\n","protected":false},"excerpt":{"rendered":"","protected":false},"author":11,"featured_media":2956,"comment_status":"open","ping_status":"closed","sticky":false,"template":"","format":"standard","meta":[],"categories":[34],"tags":[],"news-destination":[],"news-source":[],"is_homepage":[],"ta_other":[],"_links":{"self":[{"href":"https:\/\/www.ilmercoledi.news\/ilmercoledi\/news\/wp-json\/wp\/v2\/posts\/10598"}],"collection":[{"href":"https:\/\/www.ilmercoledi.news\/ilmercoledi\/news\/wp-json\/wp\/v2\/posts"}],"about":[{"href":"https:\/\/www.ilmercoledi.news\/ilmercoledi\/news\/wp-json\/wp\/v2\/types\/post"}],"author":[{"embeddable":true,"href":"https:\/\/www.ilmercoledi.news\/ilmercoledi\/news\/wp-json\/wp\/v2\/users\/11"}],"replies":[{"embeddable":true,"href":"https:\/\/www.ilmercoledi.news\/ilmercoledi\/news\/wp-json\/wp\/v2\/comments?post=10598"}],"version-history":[{"count":2,"href":"https:\/\/www.ilmercoledi.news\/ilmercoledi\/news\/wp-json\/wp\/v2\/posts\/10598\/revisions"}],"predecessor-version":[{"id":10600,"href":"https:\/\/www.ilmercoledi.news\/ilmercoledi\/news\/wp-json\/wp\/v2\/posts\/10598\/revisions\/10600"}],"wp:featuredmedia":[{"embeddable":true,"href":"https:\/\/www.ilmercoledi.news\/ilmercoledi\/news\/wp-json\/wp\/v2\/media\/2956"}],"wp:attachment":[{"href":"https:\/\/www.ilmercoledi.news\/ilmercoledi\/news\/wp-json\/wp\/v2\/media?parent=10598"}],"wp:term":[{"taxonomy":"category","embeddable":true,"href":"https:\/\/www.ilmercoledi.news\/ilmercoledi\/news\/wp-json\/wp\/v2\/categories?post=10598"},{"taxonomy":"post_tag","embeddable":true,"href":"https:\/\/www.ilmercoledi.news\/ilmercoledi\/news\/wp-json\/wp\/v2\/tags?post=10598"},{"taxonomy":"news-destination","embeddable":true,"href":"https:\/\/www.ilmercoledi.news\/ilmercoledi\/news\/wp-json\/wp\/v2\/news-destination?post=10598"},{"taxonomy":"news-source","embeddable":true,"href":"https:\/\/www.ilmercoledi.news\/ilmercoledi\/news\/wp-json\/wp\/v2\/news-source?post=10598"},{"taxonomy":"is_homepage","embeddable":true,"href":"https:\/\/www.ilmercoledi.news\/ilmercoledi\/news\/wp-json\/wp\/v2\/is_homepage?post=10598"},{"taxonomy":"ta_other","embeddable":true,"href":"https:\/\/www.ilmercoledi.news\/ilmercoledi\/news\/wp-json\/wp\/v2\/ta_other?post=10598"}],"curies":[{"name":"wp","href":"https:\/\/api.w.org\/{rel}","templated":true}]}}