{"id":10753,"date":"2018-09-24T10:44:40","date_gmt":"2018-09-24T08:44:40","guid":{"rendered":"http:\/\/euwps02.tecnavia.com\/ilmercoledi\/news\/?p=10753"},"modified":"2018-09-24T10:44:42","modified_gmt":"2018-09-24T08:44:42","slug":"autocross-al-top-la-tappa-piemontese-delleuropeo","status":"publish","type":"post","link":"https:\/\/www.ilmercoledi.news\/2018\/09\/24\/autocross-al-top-la-tappa-piemontese-delleuropeo\/","title":{"rendered":"Autocross: al top la tappa piemontese dell\u2019Europeo"},"content":{"rendered":"<p>MONCALIERI &#8211; Un\u2019edizione veramente top per la prova conclusiva del Campionato Europeo FIA di Autocross, conclusosi oggi a Maggiora Offroad Arena: i piloti si sono davvero superati con prove tirate allo spasimo, tantissimi duelli e macchine messe alla frusta, come testimoniano le molte rotture; non sono mancati contatti e sportellate, come nella migliore tradizione dell\u2019Autocross, ma sempre risoltesi al massimo\u00a0con qualche danno per le auto. Il numeroso pubblico, proveniente da tutta Europa, ha sicuramente apprezzato lo spettacolo offerto.<strong>SuperBuggy.\u00a0<\/strong>Il vincitore \u00e8, ancora una volta lui:\u00a0<strong>Bernd Stubbe<\/strong>, laureatosi per la nona volta, ottava consecutiva, Campione Europeo della categoria regina con una prova superlativa in finale, dove ha voluto dimostrare\u00a0 ancora una volta la sua superiorit\u00e0, imponendosi con il tempo 5\u201912\u201d107; per il pilota tedesco dell\u2019Alfa Emming un weekend indimenticabile, anche e soprattutto per la nascita di una figlia, proprio venerd\u00ec. Molto positiva anche la prestazione del secondo, il francese Johnny Feuillade (Alfa Racing), che ha chiuso a solo 1\u201d084 da Stubbe, mentre terzo si \u00e8 piazzato il ceco Jakub Kubicek (Ford V6 Zoomer 4000), staccato di 7\u201d121.<strong>Buggy1600.\u00a0<\/strong>Dopo la vittoria nella Heat 1 di ieri\u00a0<strong>Steven Laubach<\/strong>\u00a0(GER, Pas Suzuki) ha confermato di essere in stato di grazia, e che a Maggiora si trova particolarmente bene (lo scorso anno fu secondo) con un weekend praticamente perfetto: sua l\u2019affermazione in finale con il tempo di 5\u201914\u201d871, davanti al ceco\u00a0<strong>Milan Vanek\u00a0<\/strong>(Alfa Racing), staccato di 1\u201d987, e al francese\u00a0<strong>Michael Planche<\/strong>\u00a0(Peters Hayab), giunto a 5\u201d729. <strong>Junior Buggy.\u00a0<\/strong>Dopo un inizio difficile il lettone Justs Grencis (Alfa Racing Yamaha R6) ha saputo riprendersi andando a conquistare una bellissima vittoria in 5\u201922\u201d039 dopo un lungo duello con il ceco Jakub Novotny (Alfa Racing Suzuki), giunto secondo staccato di soli 1\u201d575. Decisamente pi\u00f9 lontano il terzo, il ceco\u00a0<strong>Filip Hartman<\/strong>\u00a0che ha condotto il suo Yamaha R6 a chiudere i 7 giri, previsti per tutte le finali, in 5\u201941\u201d651. <strong>TouringAutocross.\u00a0<\/strong>Era alla sua prima gara in categoria, ma \u00e8 stato subito grande protagonista: il russo\u00a0<strong>Matvey Furazkin,\u00a0<\/strong>ha portato la sua \u0160koda Fabia EVO 2 alla vittoria con il tempo di 5\u201923\u201d542, battendo anche il campione europeo\u00a0<strong>Vaclav Fejfar<\/strong>\u00a0(CZE, \u0160koda Fabia MK III), secondo a 0\u201d597. Fejfar ha provato in ogni modo a superare Furazkin, ma il giovane russo ha dimostrato grande classe e non si \u00e8 fatto intimidire. Terzo a 5\u201d420 il ceco\u00a0<strong>Otakar Vyborny<\/strong>\u00a0(Mitsubishi Mirage), davanti a un ottimo Natale Casalboni. <strong>KartCross.\u00a0<\/strong>La Spagna ha proseguito il dominio delle prime heat grazie a uno scatenato\u00a0<strong>Juanjo Moll<\/strong>(Speed Car XT), che si \u00e8 aggiudicato la finale con il tempo di 5\u201926\u201d429; secondo, a 1\u201d094, il connazionale\u00a0<strong>Oscar Palomo<\/strong>\u00a0(Yacar Racing), mentre terzo, a 1\u201d531, si \u00e8 piazzato uno straordinario\u00a0<strong>Gabriel Di Pietro<\/strong>\u00a0(Kamikaz K3) che ha saputo dimostrare tutta la propria classe in un contesto internazionale di altissimo livello.<strong>Maggiora Offroad Arena, un autunno caldo.\u00a0<\/strong>Con il Campionato Europeo FIA di Autcross si \u00e8 aperto un periodo molto intenso per Maggiora Offroad Arena: il 5\/6\/7 si terr\u00e0 il Maggiora 4\u00d74 Experience e poi riprender\u00e0 il calendario del Campionato Italiano di Rallycross, con il 20\/21 ottobre il Round 3, il 3\/4 novembre il round 4 con la grande novit\u00e0 di Maggiora Reverse, ovvero la pista sar\u00e0 percorsa in senso contrario rispetto al solito (la novit\u00e0 sar\u00e0 meglio presentata nelle prossime settimane). L\u2019attivit\u00e0 dello Sport Club Maggiora proseguir\u00e0 poi il 24\/25 novembre con il Round conclusivo dell\u2019Italiano RX con la prova di Franciacorta.<\/p>\n","protected":false},"excerpt":{"rendered":"","protected":false},"author":10,"featured_media":10754,"comment_status":"open","ping_status":"closed","sticky":false,"template":"","format":"standard","meta":[],"categories":[10],"tags":[],"news-destination":[],"news-source":[],"is_homepage":[],"ta_other":[],"_links":{"self":[{"href":"https:\/\/www.ilmercoledi.news\/ilmercoledi\/news\/wp-json\/wp\/v2\/posts\/10753"}],"collection":[{"href":"https:\/\/www.ilmercoledi.news\/ilmercoledi\/news\/wp-json\/wp\/v2\/posts"}],"about":[{"href":"https:\/\/www.ilmercoledi.news\/ilmercoledi\/news\/wp-json\/wp\/v2\/types\/post"}],"author":[{"embeddable":true,"href":"https:\/\/www.ilmercoledi.news\/ilmercoledi\/news\/wp-json\/wp\/v2\/users\/10"}],"replies":[{"embeddable":true,"href":"https:\/\/www.ilmercoledi.news\/ilmercoledi\/news\/wp-json\/wp\/v2\/comments?post=10753"}],"version-history":[{"count":1,"href":"https:\/\/www.ilmercoledi.news\/ilmercoledi\/news\/wp-json\/wp\/v2\/posts\/10753\/revisions"}],"predecessor-version":[{"id":10755,"href":"https:\/\/www.ilmercoledi.news\/ilmercoledi\/news\/wp-json\/wp\/v2\/posts\/10753\/revisions\/10755"}],"wp:featuredmedia":[{"embeddable":true,"href":"https:\/\/www.ilmercoledi.news\/ilmercoledi\/news\/wp-json\/wp\/v2\/media\/10754"}],"wp:attachment":[{"href":"https:\/\/www.ilmercoledi.news\/ilmercoledi\/news\/wp-json\/wp\/v2\/media?parent=10753"}],"wp:term":[{"taxonomy":"category","embeddable":true,"href":"https:\/\/www.ilmercoledi.news\/ilmercoledi\/news\/wp-json\/wp\/v2\/categories?post=10753"},{"taxonomy":"post_tag","embeddable":true,"href":"https:\/\/www.ilmercoledi.news\/ilmercoledi\/news\/wp-json\/wp\/v2\/tags?post=10753"},{"taxonomy":"news-destination","embeddable":true,"href":"https:\/\/www.ilmercoledi.news\/ilmercoledi\/news\/wp-json\/wp\/v2\/news-destination?post=10753"},{"taxonomy":"news-source","embeddable":true,"href":"https:\/\/www.ilmercoledi.news\/ilmercoledi\/news\/wp-json\/wp\/v2\/news-source?post=10753"},{"taxonomy":"is_homepage","embeddable":true,"href":"https:\/\/www.ilmercoledi.news\/ilmercoledi\/news\/wp-json\/wp\/v2\/is_homepage?post=10753"},{"taxonomy":"ta_other","embeddable":true,"href":"https:\/\/www.ilmercoledi.news\/ilmercoledi\/news\/wp-json\/wp\/v2\/ta_other?post=10753"}],"curies":[{"name":"wp","href":"https:\/\/api.w.org\/{rel}","templated":true}]}}