{"id":10794,"date":"2018-09-25T08:08:34","date_gmt":"2018-09-25T06:08:34","guid":{"rendered":"http:\/\/euwps02.tecnavia.com\/ilmercoledi\/news\/?p=10794"},"modified":"2018-09-25T08:08:36","modified_gmt":"2018-09-25T06:08:36","slug":"lavoro-i-dati-uil-sulla-cassa-integrazione-ad-agosto-in-provincia-di-torino-2349","status":"publish","type":"post","link":"https:\/\/www.ilmercoledi.news\/2018\/09\/25\/lavoro-i-dati-uil-sulla-cassa-integrazione-ad-agosto-in-provincia-di-torino-2349\/","title":{"rendered":"LAVORO &#8211; I dati Uil sulla cassa integrazione: ad agosto in provincia di Torino +234,9%"},"content":{"rendered":"<p>In Italia, ad agosto, come evidenziano i dati del Servizio politiche attive e passive del lavoro della UIL Nazionale, sono state richieste 11.176.510 ore di cassa integrazione, in diminuzione del 23,1% rispetto al mese di luglio.<\/p>\n<p>In Piemonte la richiesta \u00e8 stata di 2.023.253 ore, in aumento del 97,7% (-5,1% ordinaria, +286,4% straordinaria, 0% deroga). Si tratta del maggior incremento tra le regioni italiane.<\/p>\n<p><b>DATI PROVINCIALI<\/b><\/p>\n<p>L\u2019andamento delle ore nelle province piemontesi, nel confronto tra agosto e luglio, \u00e8 stato il seguente: Cuneo +887,1%, Torino +234,9%, Vercelli +52,3%, Novara -25,7%, Biella -28,7%, Alessandria -59,4%, Verbania -92,5%, Asti -94,3%.<\/p>\n<p><b>PRIMI OTTO MESI DEL 2018<\/b><\/p>\n<p>In Piemonte, nei primi otto mesi dell\u2019anno, la richiesta \u00e8 stata di 19.619.836 ore, in discesa del 23% rispetto all\u2019analogo periodo del 2017 (+3,2% ordinaria, -35,4% straordinaria, -97,5% deroga). A livello nazionale sono state autorizzate 150.719.406 ore, con una riduzione del 38,3%.<\/p>\n<p>Le province piemontesi hanno fatto registrare il seguente andamento: Verbania +89,6%, Cuneo +67,2%, Alessandria -27,3%, Torino -29,7%, Vercelli -35%, Novara -37,6%, Asti-50,5%, Biella -66,7%.<\/p>\n<p>Torino, con 10.397.521 ore, \u00e8 la 2\u00aa provincia pi\u00f9 cassaintegrata d\u2019Italia dopo Roma, il Piemonte \u00e8 al 2\u00b0 posto tra le regioni, preceduto dalla Lombardia.<\/p>\n<p><b>SETTORI PRODUTTIVI<\/b><\/p>\n<p>Nella nostra regione, la variazione percentuale della cassa integrazione per settori produttivi, nel confronto tra i primi otto mesi del 2018 e del 2017, \u00e8 stata la seguente: Industria -20,6%, Edilizia -11,9%, Artigianato -99,8%, Commercio \u00a0-51,9%, Settori vari 0%, per un totale di -23%.<\/p>\n<p><b>DICHIARA IL SEGRETARIO GENERALE UIL PIEMONTE GIANNI CORTESE:<\/b><\/p>\n<p>\u201cPer quanto, da sempre, i dati del mese di agosto devono essere considerati con cautela, l\u2019impennata di ore registrata in Piemonte, in particolare per la cassa integrazione straordinaria, desta preoccupazione, perch\u00e9 testimonia la persistenza di difficolt\u00e0 in un discreto numero di imprese. Se a ci\u00f2 aggiungiamo l\u2019imminente esaurimento degli ammortizzatori per altre imprese, il quadro non \u00e8 propriamente confortante. Non pu\u00f2 essere sottovalutata, inoltre, la crescita delle domande di disoccupazione (Naspi) che, nei primi 7 mesi dell\u2019anno, hanno superato il milione. In particolare, a luglio, si \u00e8 registrato un raddoppio di richieste rispetto al mese precedente, non sappiamo quanto indotte dal Decreto Dignita\u0300 che potrebbe aver convinto a non rinnovare una parte di contratti a termine in scadenza. Le prossime rilevazioni dovrebbero fornire le risposte in proposito\u201d.<\/p>\n<p>&nbsp;<\/p>\n","protected":false},"excerpt":{"rendered":"","protected":false},"author":11,"featured_media":8255,"comment_status":"open","ping_status":"closed","sticky":false,"template":"","format":"standard","meta":[],"categories":[34],"tags":[],"news-destination":[],"news-source":[],"is_homepage":[],"ta_other":[],"_links":{"self":[{"href":"https:\/\/www.ilmercoledi.news\/ilmercoledi\/news\/wp-json\/wp\/v2\/posts\/10794"}],"collection":[{"href":"https:\/\/www.ilmercoledi.news\/ilmercoledi\/news\/wp-json\/wp\/v2\/posts"}],"about":[{"href":"https:\/\/www.ilmercoledi.news\/ilmercoledi\/news\/wp-json\/wp\/v2\/types\/post"}],"author":[{"embeddable":true,"href":"https:\/\/www.ilmercoledi.news\/ilmercoledi\/news\/wp-json\/wp\/v2\/users\/11"}],"replies":[{"embeddable":true,"href":"https:\/\/www.ilmercoledi.news\/ilmercoledi\/news\/wp-json\/wp\/v2\/comments?post=10794"}],"version-history":[{"count":1,"href":"https:\/\/www.ilmercoledi.news\/ilmercoledi\/news\/wp-json\/wp\/v2\/posts\/10794\/revisions"}],"predecessor-version":[{"id":10795,"href":"https:\/\/www.ilmercoledi.news\/ilmercoledi\/news\/wp-json\/wp\/v2\/posts\/10794\/revisions\/10795"}],"wp:featuredmedia":[{"embeddable":true,"href":"https:\/\/www.ilmercoledi.news\/ilmercoledi\/news\/wp-json\/wp\/v2\/media\/8255"}],"wp:attachment":[{"href":"https:\/\/www.ilmercoledi.news\/ilmercoledi\/news\/wp-json\/wp\/v2\/media?parent=10794"}],"wp:term":[{"taxonomy":"category","embeddable":true,"href":"https:\/\/www.ilmercoledi.news\/ilmercoledi\/news\/wp-json\/wp\/v2\/categories?post=10794"},{"taxonomy":"post_tag","embeddable":true,"href":"https:\/\/www.ilmercoledi.news\/ilmercoledi\/news\/wp-json\/wp\/v2\/tags?post=10794"},{"taxonomy":"news-destination","embeddable":true,"href":"https:\/\/www.ilmercoledi.news\/ilmercoledi\/news\/wp-json\/wp\/v2\/news-destination?post=10794"},{"taxonomy":"news-source","embeddable":true,"href":"https:\/\/www.ilmercoledi.news\/ilmercoledi\/news\/wp-json\/wp\/v2\/news-source?post=10794"},{"taxonomy":"is_homepage","embeddable":true,"href":"https:\/\/www.ilmercoledi.news\/ilmercoledi\/news\/wp-json\/wp\/v2\/is_homepage?post=10794"},{"taxonomy":"ta_other","embeddable":true,"href":"https:\/\/www.ilmercoledi.news\/ilmercoledi\/news\/wp-json\/wp\/v2\/ta_other?post=10794"}],"curies":[{"name":"wp","href":"https:\/\/api.w.org\/{rel}","templated":true}]}}