{"id":10824,"date":"2018-09-26T09:56:51","date_gmt":"2018-09-26T07:56:51","guid":{"rendered":"http:\/\/euwps02.tecnavia.com\/ilmercoledi\/news\/?p=10824"},"modified":"2018-09-26T09:56:52","modified_gmt":"2018-09-26T07:56:52","slug":"la-scuderia-moncalierese-aeffe-apre-le-adesioni-al-rally-del-piemonte","status":"publish","type":"post","link":"https:\/\/www.ilmercoledi.news\/2018\/09\/26\/la-scuderia-moncalierese-aeffe-apre-le-adesioni-al-rally-del-piemonte\/","title":{"rendered":"La scuderia moncalierese Aeffe apre le adesioni al Rally del Piemonte"},"content":{"rendered":"<p>MONCALIERI &#8211; Sabato 29 ottobre aprono le iscrizioni alla quarta edizione del Rally del Piemonte, appuntamento corsaiolo firmato dalla Aeffe Sport di Moncalieri, che oltre ad organizzare sar\u00e0 anche attivamente partecipe con i propri equipaggi. I driver interessati hanno tempo fino al prossimo 22 ottobre per aderire; la gara, inserita nella categoria Rally Day, verr\u00e0 disputata il 28 dello stesso mese con pedana a Mondov\u00ec. Il percorso complessivo si snoder\u00e0 su 229 chilometri, di cui 38 cronometrati e suddivisi in sei prove speciali.<\/p>\n","protected":false},"excerpt":{"rendered":"","protected":false},"author":10,"featured_media":10825,"comment_status":"open","ping_status":"closed","sticky":false,"template":"","format":"standard","meta":[],"categories":[10],"tags":[],"news-destination":[],"news-source":[],"is_homepage":[],"ta_other":[],"_links":{"self":[{"href":"https:\/\/www.ilmercoledi.news\/ilmercoledi\/news\/wp-json\/wp\/v2\/posts\/10824"}],"collection":[{"href":"https:\/\/www.ilmercoledi.news\/ilmercoledi\/news\/wp-json\/wp\/v2\/posts"}],"about":[{"href":"https:\/\/www.ilmercoledi.news\/ilmercoledi\/news\/wp-json\/wp\/v2\/types\/post"}],"author":[{"embeddable":true,"href":"https:\/\/www.ilmercoledi.news\/ilmercoledi\/news\/wp-json\/wp\/v2\/users\/10"}],"replies":[{"embeddable":true,"href":"https:\/\/www.ilmercoledi.news\/ilmercoledi\/news\/wp-json\/wp\/v2\/comments?post=10824"}],"version-history":[{"count":2,"href":"https:\/\/www.ilmercoledi.news\/ilmercoledi\/news\/wp-json\/wp\/v2\/posts\/10824\/revisions"}],"predecessor-version":[{"id":10827,"href":"https:\/\/www.ilmercoledi.news\/ilmercoledi\/news\/wp-json\/wp\/v2\/posts\/10824\/revisions\/10827"}],"wp:featuredmedia":[{"embeddable":true,"href":"https:\/\/www.ilmercoledi.news\/ilmercoledi\/news\/wp-json\/wp\/v2\/media\/10825"}],"wp:attachment":[{"href":"https:\/\/www.ilmercoledi.news\/ilmercoledi\/news\/wp-json\/wp\/v2\/media?parent=10824"}],"wp:term":[{"taxonomy":"category","embeddable":true,"href":"https:\/\/www.ilmercoledi.news\/ilmercoledi\/news\/wp-json\/wp\/v2\/categories?post=10824"},{"taxonomy":"post_tag","embeddable":true,"href":"https:\/\/www.ilmercoledi.news\/ilmercoledi\/news\/wp-json\/wp\/v2\/tags?post=10824"},{"taxonomy":"news-destination","embeddable":true,"href":"https:\/\/www.ilmercoledi.news\/ilmercoledi\/news\/wp-json\/wp\/v2\/news-destination?post=10824"},{"taxonomy":"news-source","embeddable":true,"href":"https:\/\/www.ilmercoledi.news\/ilmercoledi\/news\/wp-json\/wp\/v2\/news-source?post=10824"},{"taxonomy":"is_homepage","embeddable":true,"href":"https:\/\/www.ilmercoledi.news\/ilmercoledi\/news\/wp-json\/wp\/v2\/is_homepage?post=10824"},{"taxonomy":"ta_other","embeddable":true,"href":"https:\/\/www.ilmercoledi.news\/ilmercoledi\/news\/wp-json\/wp\/v2\/ta_other?post=10824"}],"curies":[{"name":"wp","href":"https:\/\/api.w.org\/{rel}","templated":true}]}}