{"id":10833,"date":"2018-09-26T10:33:59","date_gmt":"2018-09-26T08:33:59","guid":{"rendered":"http:\/\/euwps02.tecnavia.com\/ilmercoledi\/news\/?p=10833"},"modified":"2018-09-26T10:34:01","modified_gmt":"2018-09-26T08:34:01","slug":"la-cupola-del-guarini-torna-a-splendere","status":"publish","type":"post","link":"https:\/\/www.ilmercoledi.news\/2018\/09\/26\/la-cupola-del-guarini-torna-a-splendere\/","title":{"rendered":"La cupola del Guarini torna a splendere"},"content":{"rendered":"<p>TORINO &#8211; Ventuno anni fa Torino venne colpita al cuore quando un terribile incendio divor\u00f2 la cupola del Guarini, nota come la cappella della Sindone. Tanto tempo fa insomma, ma ora il periodo buio \u00e8 arrivato alla fine. Da domani infatti, gioved\u00ec 27 settembre, il monumento verr\u00e0 restituito alla citt\u00e0 dopo un lungo restauro. L&#8217;occasione arriver\u00e0 nel corso di una cerimonia alla presenza di ministro per i beni e le attivit\u00e0 culturali Alberto Bonisoli, il presidente della Regione Piemonte Sergio Chiamparino e il primo cittadino torinese Chiara Appendino nonch\u00e9 l&#8217;arcivescovo Cesare Nosiglia e la direttrice dei Musei Reali Enrica Pagella. Da venerd\u00ec 28 invece l&#8217;intero compplesso monumentale sar\u00e0 nuovamente visitabile da parte del pubblico.<\/p>\n","protected":false},"excerpt":{"rendered":"","protected":false},"author":10,"featured_media":10834,"comment_status":"open","ping_status":"closed","sticky":false,"template":"","format":"standard","meta":[],"categories":[34,8],"tags":[],"news-destination":[],"news-source":[],"is_homepage":[],"ta_other":[],"_links":{"self":[{"href":"https:\/\/www.ilmercoledi.news\/ilmercoledi\/news\/wp-json\/wp\/v2\/posts\/10833"}],"collection":[{"href":"https:\/\/www.ilmercoledi.news\/ilmercoledi\/news\/wp-json\/wp\/v2\/posts"}],"about":[{"href":"https:\/\/www.ilmercoledi.news\/ilmercoledi\/news\/wp-json\/wp\/v2\/types\/post"}],"author":[{"embeddable":true,"href":"https:\/\/www.ilmercoledi.news\/ilmercoledi\/news\/wp-json\/wp\/v2\/users\/10"}],"replies":[{"embeddable":true,"href":"https:\/\/www.ilmercoledi.news\/ilmercoledi\/news\/wp-json\/wp\/v2\/comments?post=10833"}],"version-history":[{"count":1,"href":"https:\/\/www.ilmercoledi.news\/ilmercoledi\/news\/wp-json\/wp\/v2\/posts\/10833\/revisions"}],"predecessor-version":[{"id":10835,"href":"https:\/\/www.ilmercoledi.news\/ilmercoledi\/news\/wp-json\/wp\/v2\/posts\/10833\/revisions\/10835"}],"wp:featuredmedia":[{"embeddable":true,"href":"https:\/\/www.ilmercoledi.news\/ilmercoledi\/news\/wp-json\/wp\/v2\/media\/10834"}],"wp:attachment":[{"href":"https:\/\/www.ilmercoledi.news\/ilmercoledi\/news\/wp-json\/wp\/v2\/media?parent=10833"}],"wp:term":[{"taxonomy":"category","embeddable":true,"href":"https:\/\/www.ilmercoledi.news\/ilmercoledi\/news\/wp-json\/wp\/v2\/categories?post=10833"},{"taxonomy":"post_tag","embeddable":true,"href":"https:\/\/www.ilmercoledi.news\/ilmercoledi\/news\/wp-json\/wp\/v2\/tags?post=10833"},{"taxonomy":"news-destination","embeddable":true,"href":"https:\/\/www.ilmercoledi.news\/ilmercoledi\/news\/wp-json\/wp\/v2\/news-destination?post=10833"},{"taxonomy":"news-source","embeddable":true,"href":"https:\/\/www.ilmercoledi.news\/ilmercoledi\/news\/wp-json\/wp\/v2\/news-source?post=10833"},{"taxonomy":"is_homepage","embeddable":true,"href":"https:\/\/www.ilmercoledi.news\/ilmercoledi\/news\/wp-json\/wp\/v2\/is_homepage?post=10833"},{"taxonomy":"ta_other","embeddable":true,"href":"https:\/\/www.ilmercoledi.news\/ilmercoledi\/news\/wp-json\/wp\/v2\/ta_other?post=10833"}],"curies":[{"name":"wp","href":"https:\/\/api.w.org\/{rel}","templated":true}]}}