{"id":10868,"date":"2018-09-26T19:34:03","date_gmt":"2018-09-26T17:34:03","guid":{"rendered":"http:\/\/euwps02.tecnavia.com\/ilmercoledi\/news\/?p=10868"},"modified":"2018-09-26T19:34:05","modified_gmt":"2018-09-26T17:34:05","slug":"santena-modifiche-alla-viabilita-per-i-festeggiamenti-della-patronale","status":"publish","type":"post","link":"https:\/\/www.ilmercoledi.news\/2018\/09\/26\/santena-modifiche-alla-viabilita-per-i-festeggiamenti-della-patronale\/","title":{"rendered":"SANTENA &#8211; Modifiche alla viabilit\u00e0 per i festeggiamenti della patronale"},"content":{"rendered":"<p>In occasione dei festeggiamenti per i SS Cosma e Damiano\u00a0sar\u00e0 modificata la viabilit\u00e0 cittadina di Santena. Di seguito ecco le novit\u00e0 principali:<\/p>\n<p>1. Spostamento del capolinea delle linee 45\/ e 45 presso la chiesetta di Via Genova\/Via Sambuy dalle 19 di sabato 29 alle 24 di domenica 30 settembre;<\/p>\n<p>2. Dalle 18 alle 24 di venerdi 28\/9, dalle 18 alle 24:30 di sabato 29\/9 e dalle 14 alle 24 di domenica 30 settembre chiusura al transito veicolare di Via De Gasperi e Via Vittorio Veneto da Via Cadore a Via De Gasperi e\u00a0divieto di sosta con rimozione forzata in tutta l&#8217;area;<\/p>\n<p>3.Sabato 29 settembre dalle ore 20:30 alle ore 21:30 avverr\u00e0 la chiusura al transito veicolare di Piazza Martiri della Libert\u00e0 e della Via Cavour nel tratto da Via Tana a Pza Martiri per la consueta processione;<\/p>\n<p>4. Domenica 30 settembre dalle ore 15 alle ore 19 circa durante il passaggio della tradizionale processione religiosa verr\u00e0 chiusa al traffico veicolare Via Cavour, Via Sambuy, Via Amateis, Via Cavour, Via Vignasso.<\/p>\n","protected":false},"excerpt":{"rendered":"","protected":false},"author":11,"featured_media":10869,"comment_status":"open","ping_status":"closed","sticky":false,"template":"","format":"standard","meta":[],"categories":[34],"tags":[],"news-destination":[],"news-source":[],"is_homepage":[],"ta_other":[],"_links":{"self":[{"href":"https:\/\/www.ilmercoledi.news\/ilmercoledi\/news\/wp-json\/wp\/v2\/posts\/10868"}],"collection":[{"href":"https:\/\/www.ilmercoledi.news\/ilmercoledi\/news\/wp-json\/wp\/v2\/posts"}],"about":[{"href":"https:\/\/www.ilmercoledi.news\/ilmercoledi\/news\/wp-json\/wp\/v2\/types\/post"}],"author":[{"embeddable":true,"href":"https:\/\/www.ilmercoledi.news\/ilmercoledi\/news\/wp-json\/wp\/v2\/users\/11"}],"replies":[{"embeddable":true,"href":"https:\/\/www.ilmercoledi.news\/ilmercoledi\/news\/wp-json\/wp\/v2\/comments?post=10868"}],"version-history":[{"count":1,"href":"https:\/\/www.ilmercoledi.news\/ilmercoledi\/news\/wp-json\/wp\/v2\/posts\/10868\/revisions"}],"predecessor-version":[{"id":10870,"href":"https:\/\/www.ilmercoledi.news\/ilmercoledi\/news\/wp-json\/wp\/v2\/posts\/10868\/revisions\/10870"}],"wp:featuredmedia":[{"embeddable":true,"href":"https:\/\/www.ilmercoledi.news\/ilmercoledi\/news\/wp-json\/wp\/v2\/media\/10869"}],"wp:attachment":[{"href":"https:\/\/www.ilmercoledi.news\/ilmercoledi\/news\/wp-json\/wp\/v2\/media?parent=10868"}],"wp:term":[{"taxonomy":"category","embeddable":true,"href":"https:\/\/www.ilmercoledi.news\/ilmercoledi\/news\/wp-json\/wp\/v2\/categories?post=10868"},{"taxonomy":"post_tag","embeddable":true,"href":"https:\/\/www.ilmercoledi.news\/ilmercoledi\/news\/wp-json\/wp\/v2\/tags?post=10868"},{"taxonomy":"news-destination","embeddable":true,"href":"https:\/\/www.ilmercoledi.news\/ilmercoledi\/news\/wp-json\/wp\/v2\/news-destination?post=10868"},{"taxonomy":"news-source","embeddable":true,"href":"https:\/\/www.ilmercoledi.news\/ilmercoledi\/news\/wp-json\/wp\/v2\/news-source?post=10868"},{"taxonomy":"is_homepage","embeddable":true,"href":"https:\/\/www.ilmercoledi.news\/ilmercoledi\/news\/wp-json\/wp\/v2\/is_homepage?post=10868"},{"taxonomy":"ta_other","embeddable":true,"href":"https:\/\/www.ilmercoledi.news\/ilmercoledi\/news\/wp-json\/wp\/v2\/ta_other?post=10868"}],"curies":[{"name":"wp","href":"https:\/\/api.w.org\/{rel}","templated":true}]}}