{"id":10908,"date":"2018-09-27T16:03:57","date_gmt":"2018-09-27T14:03:57","guid":{"rendered":"http:\/\/euwps02.tecnavia.com\/ilmercoledi\/news\/?p=10908"},"modified":"2018-09-27T16:03:59","modified_gmt":"2018-09-27T14:03:59","slug":"trofarello-puliamo-il-mondo-e-rinviato-al-7-ottobre","status":"publish","type":"post","link":"https:\/\/www.ilmercoledi.news\/2018\/09\/27\/trofarello-puliamo-il-mondo-e-rinviato-al-7-ottobre\/","title":{"rendered":"Trofarello, &#8220;Puliamo il Mondo&#8221; \u00e8 rinviato al 7 ottobre"},"content":{"rendered":"<p>A Trofarello \u201cPuliamo il Mondo\u201d non si terr\u00e0 pi\u00f9 il 30 settembre ma domenica 7 ottobre.<\/p>\n<p>Il sindaco Gian Franco Visca ha deciso di rinviare di una settimana l\u2019iniziativa di Legambiente, avvisando organizzatori e associazioni del cambio di data. Le ragioni sono spiegate in un comunicato del Comune: \u201cLa visita pastorale \u00e8 uno degli eventi pi\u00f9 significativi del ministero episcopale e anche volta a mantenere contatti personali con gli amministratori dentro quegli ambiti territoriali in cui sono inserite le comunit\u00e0 parrocchiale. Puliamo il Mondo, che \u00e8 il pi\u00f9 grande appuntamento di volontariato ambientale del mondo, si \u00e8 svolta nella stessa mattinata potrebbe costituire turbamento alla visita pastorale. Per tale motivo il sindaco ha deciso di posticipata Trofarello la manifestazione alla domenica successiva 7 ottobre\u201d.<\/p>\n<p>Restano invariati gli orari della giornata ecologica: ritrovo alle 8,30 di fronte al Comune (piazza I Maggio), distribuzione dell\u2019attrezzatura ai partecipanti, via alle operazioni di pulizia. Ecco le zone preventivamente individuate: piazzale Europa e dintorni della stazione ferroviaria, piazza Duca D\u2019Aosta, i giardini di via Torretta, via Rocchette, via IV Novembre fino all\u2019incrocio con strada di Crose, via Roma, via Torino verso via Belvedere, compreso il percorso verde tra la via e viale della Resistenza, via XXV Aprile fino a via Nino Costa; strada Palera e viale della Resistenza, frazione di Valle Sauglio.<\/p>\n<p>A conclusione della giornata, per tutti i partecipanti seguir\u00e0 alle 12,30, rinfresco nei locali del Comune.<\/p>\n","protected":false},"excerpt":{"rendered":"","protected":false},"author":4,"featured_media":10909,"comment_status":"open","ping_status":"closed","sticky":false,"template":"","format":"standard","meta":[],"categories":[8],"tags":[],"news-destination":[],"news-source":[],"is_homepage":[],"ta_other":[],"_links":{"self":[{"href":"https:\/\/www.ilmercoledi.news\/ilmercoledi\/news\/wp-json\/wp\/v2\/posts\/10908"}],"collection":[{"href":"https:\/\/www.ilmercoledi.news\/ilmercoledi\/news\/wp-json\/wp\/v2\/posts"}],"about":[{"href":"https:\/\/www.ilmercoledi.news\/ilmercoledi\/news\/wp-json\/wp\/v2\/types\/post"}],"author":[{"embeddable":true,"href":"https:\/\/www.ilmercoledi.news\/ilmercoledi\/news\/wp-json\/wp\/v2\/users\/4"}],"replies":[{"embeddable":true,"href":"https:\/\/www.ilmercoledi.news\/ilmercoledi\/news\/wp-json\/wp\/v2\/comments?post=10908"}],"version-history":[{"count":1,"href":"https:\/\/www.ilmercoledi.news\/ilmercoledi\/news\/wp-json\/wp\/v2\/posts\/10908\/revisions"}],"predecessor-version":[{"id":10910,"href":"https:\/\/www.ilmercoledi.news\/ilmercoledi\/news\/wp-json\/wp\/v2\/posts\/10908\/revisions\/10910"}],"wp:featuredmedia":[{"embeddable":true,"href":"https:\/\/www.ilmercoledi.news\/ilmercoledi\/news\/wp-json\/wp\/v2\/media\/10909"}],"wp:attachment":[{"href":"https:\/\/www.ilmercoledi.news\/ilmercoledi\/news\/wp-json\/wp\/v2\/media?parent=10908"}],"wp:term":[{"taxonomy":"category","embeddable":true,"href":"https:\/\/www.ilmercoledi.news\/ilmercoledi\/news\/wp-json\/wp\/v2\/categories?post=10908"},{"taxonomy":"post_tag","embeddable":true,"href":"https:\/\/www.ilmercoledi.news\/ilmercoledi\/news\/wp-json\/wp\/v2\/tags?post=10908"},{"taxonomy":"news-destination","embeddable":true,"href":"https:\/\/www.ilmercoledi.news\/ilmercoledi\/news\/wp-json\/wp\/v2\/news-destination?post=10908"},{"taxonomy":"news-source","embeddable":true,"href":"https:\/\/www.ilmercoledi.news\/ilmercoledi\/news\/wp-json\/wp\/v2\/news-source?post=10908"},{"taxonomy":"is_homepage","embeddable":true,"href":"https:\/\/www.ilmercoledi.news\/ilmercoledi\/news\/wp-json\/wp\/v2\/is_homepage?post=10908"},{"taxonomy":"ta_other","embeddable":true,"href":"https:\/\/www.ilmercoledi.news\/ilmercoledi\/news\/wp-json\/wp\/v2\/ta_other?post=10908"}],"curies":[{"name":"wp","href":"https:\/\/api.w.org\/{rel}","templated":true}]}}