{"id":11130,"date":"2018-10-04T15:11:31","date_gmt":"2018-10-04T13:11:31","guid":{"rendered":"http:\/\/euwps02.tecnavia.com\/ilmercoledi\/news\/?p=11130"},"modified":"2018-10-04T15:11:33","modified_gmt":"2018-10-04T13:11:33","slug":"eventi-domenica-14-ottobre-al-valentino-camminiamo-in-rosa-per-sconfiggere-il-tumore-al-seno","status":"publish","type":"post","link":"https:\/\/www.ilmercoledi.news\/2018\/10\/04\/eventi-domenica-14-ottobre-al-valentino-camminiamo-in-rosa-per-sconfiggere-il-tumore-al-seno\/","title":{"rendered":"EVENTI &#8211; Domenica 14 ottobre al Valentino \u201cCamminiamo in Rosa\u201d per sconfiggere il tumore al seno"},"content":{"rendered":"<p>La marcia di avvicinamento alla\u00a0sesta edizione di \u201cJust The Woman I Am\u201d\u00a0\u00e8 gi\u00e0 iniziata. La\u00a0manifestazione sportiva \u201cin rosa\u201d pi\u00f9 grande d\u2019Italia, fissata per il prossimo\u00a03 marzo, ha come prima tappa d\u2019avvicinamento il\u00a0mese di ottobre, dedicato alla sensibilizzazione sul tumore al seno.\u00a0\u201cScendiamo in piazza con il nostro colore per educare e coinvolgere l\u2019opinione pubblica. &#8211; ha spiegato nei giorni scorsi in un\u2019intervista al quotidiano \u201cLa Stampa\u201d\u00a0Donatella Tubino, presidente della sezione di Torino della\u00a0Lega Italiana per la Lotta contro i Tumori\u00a0&#8211; Sono convinta che l\u2019azione sinergica con alcune associazioni di donne operate al seno possa dare un valore aggiunto\u201d. Ogni anno la\u00a0LILT, con la sua\u00a0campagna Nastro Rosa, ribadisce il ruolo della cultura della prevenzione come metodo di vita,\u00a0affinch\u00e9 tutte le donne si controllino e si sottopongano a visite senologiche a partire dai 30 anni di et\u00e0. Secondo le ultime stime, sono aumentate del 15% le donne colpite da tumore al seno, soprattutto di et\u00e0 compresa tra i 35 e i 50 anni. Ma, al tempo stesso, si registra anche una lenta\u00a0diminuzione della mortalit\u00e0\u00a0per questo tipo di tumore.\u00a0A Torino, in\u00a0ottobre, le iniziative saranno molte: la pi\u00f9 importante\u00a0domenica 14\u00a0la\u00a0\u201cCamminiamo in Rosa: l\u2019unione fa la forza\u201d, una\u00a0non competitiva nel parco del Valentino\u00a0patrocinata dalla\u00a0Citt\u00e0 Metropolitana, con\u00a0partenza alle 10 dal ponte Umberto all\u2019angolo di corso Moncalieri. L\u2019iniziativa \u00e8 organizzata alla LILT in collaborazione con la\u00a0Onlus Dragonette di Torino\u00a0ed \u00e8 il momento centrale di un\u2019intera\u00a0giornata dedicata alla sensibilizzazione per la prevenzione.\u00a0Al termine della camminata sar\u00e0 possibile provare l\u2019emozione della\u00a0dragon boat, una barca di origine cinese di 10 metri dove trovano posto\u00a020 pagaiatrici. A tutti i partecipanti sar\u00e0 fornito il giubbotto salvagente e la pagaia. Il punto di imbarco \u00e8 al\u00a0circolo Amici del Fiume di corso Moncalieri 18.\u00a0Il\u00a0contributo di partecipazione alla \u201cCamminiamo in Rosa\u201d\u00a0\u00e8 di\u00a08 Euro\u00a0e per iscriversi si possono visitare i siti Internet\u00a0www.legatumori.to.it\u00a0e\u00a0www.dragonette.org. Si pu\u00f2 anche scrivere a\u00a0postmaster@dragonette.org\u00a0o a\u00a0legatumoritorino@libero.it, oppure telefonare ai numeri\u00a0389-5249585\u00a0e\u00a0011-836626.<\/p>\n","protected":false},"excerpt":{"rendered":"","protected":false},"author":11,"featured_media":11131,"comment_status":"open","ping_status":"closed","sticky":false,"template":"","format":"standard","meta":[],"categories":[34],"tags":[],"news-destination":[],"news-source":[],"is_homepage":[],"ta_other":[],"_links":{"self":[{"href":"https:\/\/www.ilmercoledi.news\/ilmercoledi\/news\/wp-json\/wp\/v2\/posts\/11130"}],"collection":[{"href":"https:\/\/www.ilmercoledi.news\/ilmercoledi\/news\/wp-json\/wp\/v2\/posts"}],"about":[{"href":"https:\/\/www.ilmercoledi.news\/ilmercoledi\/news\/wp-json\/wp\/v2\/types\/post"}],"author":[{"embeddable":true,"href":"https:\/\/www.ilmercoledi.news\/ilmercoledi\/news\/wp-json\/wp\/v2\/users\/11"}],"replies":[{"embeddable":true,"href":"https:\/\/www.ilmercoledi.news\/ilmercoledi\/news\/wp-json\/wp\/v2\/comments?post=11130"}],"version-history":[{"count":1,"href":"https:\/\/www.ilmercoledi.news\/ilmercoledi\/news\/wp-json\/wp\/v2\/posts\/11130\/revisions"}],"predecessor-version":[{"id":11132,"href":"https:\/\/www.ilmercoledi.news\/ilmercoledi\/news\/wp-json\/wp\/v2\/posts\/11130\/revisions\/11132"}],"wp:featuredmedia":[{"embeddable":true,"href":"https:\/\/www.ilmercoledi.news\/ilmercoledi\/news\/wp-json\/wp\/v2\/media\/11131"}],"wp:attachment":[{"href":"https:\/\/www.ilmercoledi.news\/ilmercoledi\/news\/wp-json\/wp\/v2\/media?parent=11130"}],"wp:term":[{"taxonomy":"category","embeddable":true,"href":"https:\/\/www.ilmercoledi.news\/ilmercoledi\/news\/wp-json\/wp\/v2\/categories?post=11130"},{"taxonomy":"post_tag","embeddable":true,"href":"https:\/\/www.ilmercoledi.news\/ilmercoledi\/news\/wp-json\/wp\/v2\/tags?post=11130"},{"taxonomy":"news-destination","embeddable":true,"href":"https:\/\/www.ilmercoledi.news\/ilmercoledi\/news\/wp-json\/wp\/v2\/news-destination?post=11130"},{"taxonomy":"news-source","embeddable":true,"href":"https:\/\/www.ilmercoledi.news\/ilmercoledi\/news\/wp-json\/wp\/v2\/news-source?post=11130"},{"taxonomy":"is_homepage","embeddable":true,"href":"https:\/\/www.ilmercoledi.news\/ilmercoledi\/news\/wp-json\/wp\/v2\/is_homepage?post=11130"},{"taxonomy":"ta_other","embeddable":true,"href":"https:\/\/www.ilmercoledi.news\/ilmercoledi\/news\/wp-json\/wp\/v2\/ta_other?post=11130"}],"curies":[{"name":"wp","href":"https:\/\/api.w.org\/{rel}","templated":true}]}}