{"id":11191,"date":"2018-10-05T19:05:28","date_gmt":"2018-10-05T17:05:28","guid":{"rendered":"http:\/\/euwps02.tecnavia.com\/ilmercoledi\/news\/?p=11191"},"modified":"2018-10-05T19:05:30","modified_gmt":"2018-10-05T17:05:30","slug":"medici-e-infermieri-del-s-croce-pranzeranno-a-ville-roddolo","status":"publish","type":"post","link":"https:\/\/www.ilmercoledi.news\/2018\/10\/05\/medici-e-infermieri-del-s-croce-pranzeranno-a-ville-roddolo\/","title":{"rendered":"Medici e infermieri del S.Croce pranzeranno a Ville Roddolo"},"content":{"rendered":"<p>Un accordo tra Asl To5 e la propriet\u00e0 di Ville Roddolo, rende possibile un nuovo ed utile servizio rivolto ai dipendenti dell\u2019ospedale Santa Croce e pi\u00f9 in generale a tutti gli addetti che lavorano nelle strutture sanitarie e amministrative moncalieresi dell\u2019azienda sanitaria locale.<\/p>\n<p>Il servizio, che entrer\u00e0 in funzione luned\u00ec 15 ottobre, \u00e8 stato presentato venerdi 5 ottobre con una iniziativa alla quale hanno partecipano i vertici dell\u2019AslTo5, ad iniziare dal Direttore Generale Massimo Uberti, il direttore sanitario Panarisi e responsabili di diversi servizi.<\/p>\n<p>A fare gli onori di casa e a ricevere illustri ospiti, tra i quali l&#8217;assessore alla cultura del Comune di Moncalieri, Laura Pompeo, che ha portato i saluti e gli auspici dell&#8217;amministrazione comunale, \u00e8 stata\u00a0<strong>Carla Stillavato<\/strong>, presidente della cooperativa Assiste, l\u2019azienda di servizi che da una quindicina di anni gestisce la struttura socio-assistenziale e da un paio di anni \u00e8 proprietaria dell\u2019ampio complesso Ville Roddolo, che si trova in una invidiabile posizione ai piedi della collina moncalierese e da oltre un secolo \u00e8 luogo di cura e di assistenza per le persone<\/p>\n<p><em>\u201cE\u2019 una mission che abbiamo ereditato<\/em> \u2013 spiega Stillavato\u00a0 &#8211; <em>che portiamo avanti con convinzione ed impegno. Ovviamente adeguandoci ai tempi e alle mutate esigenze della popolazione. Oggi \u00e8 il tempo della collaborazione sempre pi\u00f9 stretta tra pubblico e privato e noi siamo pronti e disponibili a fare la nostra parte, proseguendo in un virtuoso impegno di collaborazione con l\u2019AslTo5 e il suo ospedale, con il quale la nostra struttura confina e in certi casi costituisce ormai un tutt&#8217;uno. In questa logica \u00e8 nato e si \u00e8 sviluppato il progetto di ristorazione per i dipendenti della struttura sanitaria\u201d.<\/em><\/p>\n<p>Per offrire questo servizio Ville Roddolo ha creato la Sala Convivium, un apposito ed accogliente spazio situato nella struttura di Villa Thea, al quale \u00e8 possibile accedere direttamente dal grande parco che circonda il complesso delle Ville Roddolo.<\/p>\n<p>La Sala Convivium dispone di 48 posti a sedere, che verranno utilizzati in pi\u00f9 turni, sino ad arrivare a poter fornire circa 150 pasti giornalieri.<\/p>\n<p>Gli chef della cucina offrono un men\u00f9 validato dai nutrizionisti ASL e caratterizzato da una selezione di materie prime di qualit\u00e0 e che seguono la stagionalit\u00e0. La cucina interna prepara un men\u00f9 completo di primo, secondo e contorno, lasciando la possibilit\u00e0 di scelta tra piatti di stagione e piatti continuativi. Completano l&#8217;offerta pranzo: acqua, pane, frutta di stagione e yogurt.<\/p>\n<p><em>\u201cQuesta convenzione ci consente di affrontare una delle criticit\u00e0 conseguenti alla ristrettezza degli spazi dell&#8217;ospedale Santa Croce<\/em> \u2013\u00a0 ha affermato Massimo Uberti<strong>, <\/strong>Direttore generale dell\u2019Asl TO5 , <em>l&#8217;impossibilit\u00e0 cio\u00e8 di reperire uno spazio adeguato a fornire un servizio mensa ai colleghi che vi operano, senza sacrificare importanti servizi ai pazienti. La disponibilit\u00e0 di Ville Roddolo, che ringrazio, e l&#8217;adiacenza della stessa all&#8217;ospedale ci permettono di offrire finalmente un servizio mensa pi\u00f9 adeguato, funzionale e gradevole rispetto alle attuali soluzioni di convenzione con i locali sparsi nella citt\u00e0.\u201d<\/em><\/p>\n","protected":false},"excerpt":{"rendered":"","protected":false},"author":6,"featured_media":11192,"comment_status":"open","ping_status":"closed","sticky":false,"template":"","format":"standard","meta":[],"categories":[119],"tags":[209,210,208],"news-destination":[],"news-source":[],"is_homepage":[],"ta_other":[],"_links":{"self":[{"href":"https:\/\/www.ilmercoledi.news\/ilmercoledi\/news\/wp-json\/wp\/v2\/posts\/11191"}],"collection":[{"href":"https:\/\/www.ilmercoledi.news\/ilmercoledi\/news\/wp-json\/wp\/v2\/posts"}],"about":[{"href":"https:\/\/www.ilmercoledi.news\/ilmercoledi\/news\/wp-json\/wp\/v2\/types\/post"}],"author":[{"embeddable":true,"href":"https:\/\/www.ilmercoledi.news\/ilmercoledi\/news\/wp-json\/wp\/v2\/users\/6"}],"replies":[{"embeddable":true,"href":"https:\/\/www.ilmercoledi.news\/ilmercoledi\/news\/wp-json\/wp\/v2\/comments?post=11191"}],"version-history":[{"count":1,"href":"https:\/\/www.ilmercoledi.news\/ilmercoledi\/news\/wp-json\/wp\/v2\/posts\/11191\/revisions"}],"predecessor-version":[{"id":11193,"href":"https:\/\/www.ilmercoledi.news\/ilmercoledi\/news\/wp-json\/wp\/v2\/posts\/11191\/revisions\/11193"}],"wp:featuredmedia":[{"embeddable":true,"href":"https:\/\/www.ilmercoledi.news\/ilmercoledi\/news\/wp-json\/wp\/v2\/media\/11192"}],"wp:attachment":[{"href":"https:\/\/www.ilmercoledi.news\/ilmercoledi\/news\/wp-json\/wp\/v2\/media?parent=11191"}],"wp:term":[{"taxonomy":"category","embeddable":true,"href":"https:\/\/www.ilmercoledi.news\/ilmercoledi\/news\/wp-json\/wp\/v2\/categories?post=11191"},{"taxonomy":"post_tag","embeddable":true,"href":"https:\/\/www.ilmercoledi.news\/ilmercoledi\/news\/wp-json\/wp\/v2\/tags?post=11191"},{"taxonomy":"news-destination","embeddable":true,"href":"https:\/\/www.ilmercoledi.news\/ilmercoledi\/news\/wp-json\/wp\/v2\/news-destination?post=11191"},{"taxonomy":"news-source","embeddable":true,"href":"https:\/\/www.ilmercoledi.news\/ilmercoledi\/news\/wp-json\/wp\/v2\/news-source?post=11191"},{"taxonomy":"is_homepage","embeddable":true,"href":"https:\/\/www.ilmercoledi.news\/ilmercoledi\/news\/wp-json\/wp\/v2\/is_homepage?post=11191"},{"taxonomy":"ta_other","embeddable":true,"href":"https:\/\/www.ilmercoledi.news\/ilmercoledi\/news\/wp-json\/wp\/v2\/ta_other?post=11191"}],"curies":[{"name":"wp","href":"https:\/\/api.w.org\/{rel}","templated":true}]}}