{"id":11267,"date":"2018-10-09T08:08:39","date_gmt":"2018-10-09T06:08:39","guid":{"rendered":"http:\/\/euwps02.tecnavia.com\/ilmercoledi\/news\/?p=11267"},"modified":"2018-10-09T08:08:42","modified_gmt":"2018-10-09T06:08:42","slug":"moncalieri-buche-nellasfalto-proteste-in-collina","status":"publish","type":"post","link":"https:\/\/www.ilmercoledi.news\/2018\/10\/09\/moncalieri-buche-nellasfalto-proteste-in-collina\/","title":{"rendered":"MONCALIERI &#8211; Buche nell&#8217;asfalto: proteste in collina"},"content":{"rendered":"<p>Tornano le lamentele in collina a Moncalieri per le condizioni di alcune via che portano verso Cavoretto o Pian del Lot. Nel mirino di alcuni frequentatori della zona \u00e8 finita soprattutto strada Maddalena, che dalla frazione di Revigliasco porta verso Torino, passando dalla zona pi\u00f9 &#8220;in&#8221; del torinese. Una strada che in pi\u00f9 punti presenta buche, dislivelli e dissesti, tanto che alcuni moncalieresi hanno lanciato una pubblica richiesta di intervento, anche attraverso i social. Non \u00e8 la prima volta che la zona della collina si lamenta per lo stato delle strade: in passato in molti avevano chiesto interventi per l&#8217;erba alta a bordo carreggiata, che metteva a rischio la visuale degli automobilisti, su vie gi\u00e0 strette e pericolose per la loro conformazione. Il Comune ha gi\u00e0 avviato degli interventi di riasfaltatura sul territorio e, con i nuovi spazi di bilancio garantiti dallo Stato, non si esclude si possa ampliare il numero di lavori.<\/p>\n","protected":false},"excerpt":{"rendered":"","protected":false},"author":11,"featured_media":2588,"comment_status":"open","ping_status":"closed","sticky":false,"template":"","format":"standard","meta":[],"categories":[34],"tags":[],"news-destination":[],"news-source":[],"is_homepage":[],"ta_other":[],"_links":{"self":[{"href":"https:\/\/www.ilmercoledi.news\/ilmercoledi\/news\/wp-json\/wp\/v2\/posts\/11267"}],"collection":[{"href":"https:\/\/www.ilmercoledi.news\/ilmercoledi\/news\/wp-json\/wp\/v2\/posts"}],"about":[{"href":"https:\/\/www.ilmercoledi.news\/ilmercoledi\/news\/wp-json\/wp\/v2\/types\/post"}],"author":[{"embeddable":true,"href":"https:\/\/www.ilmercoledi.news\/ilmercoledi\/news\/wp-json\/wp\/v2\/users\/11"}],"replies":[{"embeddable":true,"href":"https:\/\/www.ilmercoledi.news\/ilmercoledi\/news\/wp-json\/wp\/v2\/comments?post=11267"}],"version-history":[{"count":1,"href":"https:\/\/www.ilmercoledi.news\/ilmercoledi\/news\/wp-json\/wp\/v2\/posts\/11267\/revisions"}],"predecessor-version":[{"id":11268,"href":"https:\/\/www.ilmercoledi.news\/ilmercoledi\/news\/wp-json\/wp\/v2\/posts\/11267\/revisions\/11268"}],"wp:featuredmedia":[{"embeddable":true,"href":"https:\/\/www.ilmercoledi.news\/ilmercoledi\/news\/wp-json\/wp\/v2\/media\/2588"}],"wp:attachment":[{"href":"https:\/\/www.ilmercoledi.news\/ilmercoledi\/news\/wp-json\/wp\/v2\/media?parent=11267"}],"wp:term":[{"taxonomy":"category","embeddable":true,"href":"https:\/\/www.ilmercoledi.news\/ilmercoledi\/news\/wp-json\/wp\/v2\/categories?post=11267"},{"taxonomy":"post_tag","embeddable":true,"href":"https:\/\/www.ilmercoledi.news\/ilmercoledi\/news\/wp-json\/wp\/v2\/tags?post=11267"},{"taxonomy":"news-destination","embeddable":true,"href":"https:\/\/www.ilmercoledi.news\/ilmercoledi\/news\/wp-json\/wp\/v2\/news-destination?post=11267"},{"taxonomy":"news-source","embeddable":true,"href":"https:\/\/www.ilmercoledi.news\/ilmercoledi\/news\/wp-json\/wp\/v2\/news-source?post=11267"},{"taxonomy":"is_homepage","embeddable":true,"href":"https:\/\/www.ilmercoledi.news\/ilmercoledi\/news\/wp-json\/wp\/v2\/is_homepage?post=11267"},{"taxonomy":"ta_other","embeddable":true,"href":"https:\/\/www.ilmercoledi.news\/ilmercoledi\/news\/wp-json\/wp\/v2\/ta_other?post=11267"}],"curies":[{"name":"wp","href":"https:\/\/api.w.org\/{rel}","templated":true}]}}