{"id":11358,"date":"2018-10-10T15:57:50","date_gmt":"2018-10-10T13:57:50","guid":{"rendered":"http:\/\/euwps02.tecnavia.com\/ilmercoledi\/news\/?p=11358"},"modified":"2018-10-10T15:57:52","modified_gmt":"2018-10-10T13:57:52","slug":"a-carmagnola-stasera-docufilm-itaca-nel-sole-cercando-gian-piero-motti-presenti-anche-gli-autori","status":"publish","type":"post","link":"https:\/\/www.ilmercoledi.news\/2018\/10\/10\/a-carmagnola-stasera-docufilm-itaca-nel-sole-cercando-gian-piero-motti-presenti-anche-gli-autori\/","title":{"rendered":"A Carmagnola stasera docufilm \u201cItaca nel sole. Cercando Gian Piero Motti\u201d. Presenti anche gli autori"},"content":{"rendered":"<p>Stasera (mercoled\u00ec 10 ottobre) alle 21 il cinema Elios di piazza Verdi a Carmagnola proietta \u201cItaca nel sole. Cercando Gian Piero Motti\u201d. Saranno presenti anche gli autori Tiziano Gaia, Fabio Mancari, Ugo Manera ed Ennio Cristiano.<\/p>\n<p>L\u2019iniziativa \u00e8 a cura di Cai Carmagnola e cinema Elios.<\/p>\n<p>Classe 1946, Gian Piero Motti \u00e8 stato un grande alpinista dallo spirito e dalla tecnica rivoluzionari, \u201cche lo hanno portato a scoprire i modelli americani di arrampicata, simbolicamente trasferiti sulle pareti di granito della Valle dell\u2019Orco, la \u2018piccola California\u2019 italiana &#8211; spiegano dal Cai &#8211; Parallelamente all\u2019attivit\u00e0 su roccia, Motti ha scritto, tradotto, meditato, trainato. La sua opera pi\u00f9 importante, e tuttora insuperata, \u00e8 la \u2018Storia dell\u2019Alpinismo\u2019, del 1978. E\u2019 scomparso tragicamente all\u2019et\u00e0 di soli 37 anni, il 21 giugno 1983\u201d. Il film riscopre l\u2019uomo e l\u2019alpinista a tutto tondo attraverso numerose testimonianze dei suoi compagni di arrampicata, immagini di archivio e ricostruzioni. Motti ha sofferto le contraddizioni e i tormenti del proprio tempo e del proprio animo sensibile, riversandoli in pagine e articoli intrisi di malinconia, tanto da essere considerato da alcuni \u201cil Cesare Pavese della montagna\u201d. La sua opera pi\u00f9 importante, e tuttora insuperata, \u00e8 la \u201cStoria dell\u2019Alpinismo\u201d, del 1978.<\/p>\n","protected":false},"excerpt":{"rendered":"","protected":false},"author":4,"featured_media":11357,"comment_status":"open","ping_status":"closed","sticky":false,"template":"","format":"standard","meta":[],"categories":[8],"tags":[220,64,219],"news-destination":[],"news-source":[],"is_homepage":[],"ta_other":[],"_links":{"self":[{"href":"https:\/\/www.ilmercoledi.news\/ilmercoledi\/news\/wp-json\/wp\/v2\/posts\/11358"}],"collection":[{"href":"https:\/\/www.ilmercoledi.news\/ilmercoledi\/news\/wp-json\/wp\/v2\/posts"}],"about":[{"href":"https:\/\/www.ilmercoledi.news\/ilmercoledi\/news\/wp-json\/wp\/v2\/types\/post"}],"author":[{"embeddable":true,"href":"https:\/\/www.ilmercoledi.news\/ilmercoledi\/news\/wp-json\/wp\/v2\/users\/4"}],"replies":[{"embeddable":true,"href":"https:\/\/www.ilmercoledi.news\/ilmercoledi\/news\/wp-json\/wp\/v2\/comments?post=11358"}],"version-history":[{"count":1,"href":"https:\/\/www.ilmercoledi.news\/ilmercoledi\/news\/wp-json\/wp\/v2\/posts\/11358\/revisions"}],"predecessor-version":[{"id":11359,"href":"https:\/\/www.ilmercoledi.news\/ilmercoledi\/news\/wp-json\/wp\/v2\/posts\/11358\/revisions\/11359"}],"wp:featuredmedia":[{"embeddable":true,"href":"https:\/\/www.ilmercoledi.news\/ilmercoledi\/news\/wp-json\/wp\/v2\/media\/11357"}],"wp:attachment":[{"href":"https:\/\/www.ilmercoledi.news\/ilmercoledi\/news\/wp-json\/wp\/v2\/media?parent=11358"}],"wp:term":[{"taxonomy":"category","embeddable":true,"href":"https:\/\/www.ilmercoledi.news\/ilmercoledi\/news\/wp-json\/wp\/v2\/categories?post=11358"},{"taxonomy":"post_tag","embeddable":true,"href":"https:\/\/www.ilmercoledi.news\/ilmercoledi\/news\/wp-json\/wp\/v2\/tags?post=11358"},{"taxonomy":"news-destination","embeddable":true,"href":"https:\/\/www.ilmercoledi.news\/ilmercoledi\/news\/wp-json\/wp\/v2\/news-destination?post=11358"},{"taxonomy":"news-source","embeddable":true,"href":"https:\/\/www.ilmercoledi.news\/ilmercoledi\/news\/wp-json\/wp\/v2\/news-source?post=11358"},{"taxonomy":"is_homepage","embeddable":true,"href":"https:\/\/www.ilmercoledi.news\/ilmercoledi\/news\/wp-json\/wp\/v2\/is_homepage?post=11358"},{"taxonomy":"ta_other","embeddable":true,"href":"https:\/\/www.ilmercoledi.news\/ilmercoledi\/news\/wp-json\/wp\/v2\/ta_other?post=11358"}],"curies":[{"name":"wp","href":"https:\/\/api.w.org\/{rel}","templated":true}]}}