{"id":11579,"date":"2018-10-17T21:04:18","date_gmt":"2018-10-17T19:04:18","guid":{"rendered":"http:\/\/euwps02.tecnavia.com\/ilmercoledi\/news\/?p=11579"},"modified":"2018-10-23T15:23:53","modified_gmt":"2018-10-23T13:23:53","slug":"moncalieri-aperture-straordinarie-dei-cimiteri-per-le-ricorrenze-dei-santi","status":"publish","type":"post","link":"https:\/\/www.ilmercoledi.news\/2018\/10\/17\/moncalieri-aperture-straordinarie-dei-cimiteri-per-le-ricorrenze-dei-santi\/","title":{"rendered":"MONCALIERI &#8211; Aperture straordinarie dei cimiteri per le ricorrenze dei Santi"},"content":{"rendered":"<p>In occasione della ricorrenza dei Santi, i Cimiteri di Moncalieri e Revigliasco osserveranno i seguenti orari:\u00a0dalle ore\u00a0<strong>7,30<\/strong>\u00a0 alle ore\u00a0<strong>17,45<\/strong>\u00a0 nei giorni: di domenica 28 ottobre, mercoled\u00ec&#8217; 31, gioved\u00ec 1 novembre e venerd\u00ec 2. Il decreto sindacale \u00e8 stato pubblicato oggi dal Comune.\u00a0Quindici minuti prima della chiusura verr\u00e0 dato avviso al pubblico, mediante segnale acustico.<\/p>\n","protected":false},"excerpt":{"rendered":"","protected":false},"author":11,"featured_media":11580,"comment_status":"open","ping_status":"closed","sticky":false,"template":"","format":"standard","meta":[],"categories":[34],"tags":[],"news-destination":[],"news-source":[],"is_homepage":[],"ta_other":[],"_links":{"self":[{"href":"https:\/\/www.ilmercoledi.news\/ilmercoledi\/news\/wp-json\/wp\/v2\/posts\/11579"}],"collection":[{"href":"https:\/\/www.ilmercoledi.news\/ilmercoledi\/news\/wp-json\/wp\/v2\/posts"}],"about":[{"href":"https:\/\/www.ilmercoledi.news\/ilmercoledi\/news\/wp-json\/wp\/v2\/types\/post"}],"author":[{"embeddable":true,"href":"https:\/\/www.ilmercoledi.news\/ilmercoledi\/news\/wp-json\/wp\/v2\/users\/11"}],"replies":[{"embeddable":true,"href":"https:\/\/www.ilmercoledi.news\/ilmercoledi\/news\/wp-json\/wp\/v2\/comments?post=11579"}],"version-history":[{"count":1,"href":"https:\/\/www.ilmercoledi.news\/ilmercoledi\/news\/wp-json\/wp\/v2\/posts\/11579\/revisions"}],"predecessor-version":[{"id":11581,"href":"https:\/\/www.ilmercoledi.news\/ilmercoledi\/news\/wp-json\/wp\/v2\/posts\/11579\/revisions\/11581"}],"wp:featuredmedia":[{"embeddable":true,"href":"https:\/\/www.ilmercoledi.news\/ilmercoledi\/news\/wp-json\/wp\/v2\/media\/11580"}],"wp:attachment":[{"href":"https:\/\/www.ilmercoledi.news\/ilmercoledi\/news\/wp-json\/wp\/v2\/media?parent=11579"}],"wp:term":[{"taxonomy":"category","embeddable":true,"href":"https:\/\/www.ilmercoledi.news\/ilmercoledi\/news\/wp-json\/wp\/v2\/categories?post=11579"},{"taxonomy":"post_tag","embeddable":true,"href":"https:\/\/www.ilmercoledi.news\/ilmercoledi\/news\/wp-json\/wp\/v2\/tags?post=11579"},{"taxonomy":"news-destination","embeddable":true,"href":"https:\/\/www.ilmercoledi.news\/ilmercoledi\/news\/wp-json\/wp\/v2\/news-destination?post=11579"},{"taxonomy":"news-source","embeddable":true,"href":"https:\/\/www.ilmercoledi.news\/ilmercoledi\/news\/wp-json\/wp\/v2\/news-source?post=11579"},{"taxonomy":"is_homepage","embeddable":true,"href":"https:\/\/www.ilmercoledi.news\/ilmercoledi\/news\/wp-json\/wp\/v2\/is_homepage?post=11579"},{"taxonomy":"ta_other","embeddable":true,"href":"https:\/\/www.ilmercoledi.news\/ilmercoledi\/news\/wp-json\/wp\/v2\/ta_other?post=11579"}],"curies":[{"name":"wp","href":"https:\/\/api.w.org\/{rel}","templated":true}]}}