{"id":11794,"date":"2018-10-24T08:07:31","date_gmt":"2018-10-24T06:07:31","guid":{"rendered":"http:\/\/euwps02.tecnavia.com\/ilmercoledi\/news\/?p=11794"},"modified":"2018-10-24T08:26:50","modified_gmt":"2018-10-24T06:26:50","slug":"nichelino-torna-lappuntamento-con-la-scuola-politica","status":"publish","type":"post","link":"https:\/\/www.ilmercoledi.news\/2018\/10\/24\/nichelino-torna-lappuntamento-con-la-scuola-politica\/","title":{"rendered":"NICHELINO &#8211; Torna l&#8217;appuntamento con la scuola politica"},"content":{"rendered":"<p>Torna l&#8217;appuntamento con la scuola di formazione politica di Nichelino. L&#8217;appuntamento \u00e8 per venerd\u00ec 26 ottobre, alle 21 in sala Mattei al 2\u00b0 piano del palazzo comunale di piazza Di Vittorio 1, con il patrocinio comunale, si svolger\u00e0 la seconda lezione dal titolo &#8220;Le donne nei ruoli dirigenti della societ\u00e0&#8221;. La serata \u00e8 organizzata in collaborazione con la Consulta delle donne nichelinesi. Sull&#8217;argomento relazioner\u00e0 la presidente della Consulta, ed ex consigliere comunale,\u00a0Noemi Favale, anche attraverso un\u2019intervista esclusiva con Megan Urry, presidente degli astrofisici USA, fatta da\u00a0Alessia Gallo\u00a0&#8211; che moderer\u00e0 la serata &#8211; per la libreria Il Cammello. Ingresso libero.<\/p>\n","protected":false},"excerpt":{"rendered":"","protected":false},"author":11,"featured_media":1869,"comment_status":"open","ping_status":"closed","sticky":false,"template":"","format":"standard","meta":[],"categories":[34],"tags":[],"news-destination":[],"news-source":[],"is_homepage":[],"ta_other":[],"_links":{"self":[{"href":"https:\/\/www.ilmercoledi.news\/ilmercoledi\/news\/wp-json\/wp\/v2\/posts\/11794"}],"collection":[{"href":"https:\/\/www.ilmercoledi.news\/ilmercoledi\/news\/wp-json\/wp\/v2\/posts"}],"about":[{"href":"https:\/\/www.ilmercoledi.news\/ilmercoledi\/news\/wp-json\/wp\/v2\/types\/post"}],"author":[{"embeddable":true,"href":"https:\/\/www.ilmercoledi.news\/ilmercoledi\/news\/wp-json\/wp\/v2\/users\/11"}],"replies":[{"embeddable":true,"href":"https:\/\/www.ilmercoledi.news\/ilmercoledi\/news\/wp-json\/wp\/v2\/comments?post=11794"}],"version-history":[{"count":1,"href":"https:\/\/www.ilmercoledi.news\/ilmercoledi\/news\/wp-json\/wp\/v2\/posts\/11794\/revisions"}],"predecessor-version":[{"id":11795,"href":"https:\/\/www.ilmercoledi.news\/ilmercoledi\/news\/wp-json\/wp\/v2\/posts\/11794\/revisions\/11795"}],"wp:featuredmedia":[{"embeddable":true,"href":"https:\/\/www.ilmercoledi.news\/ilmercoledi\/news\/wp-json\/wp\/v2\/media\/1869"}],"wp:attachment":[{"href":"https:\/\/www.ilmercoledi.news\/ilmercoledi\/news\/wp-json\/wp\/v2\/media?parent=11794"}],"wp:term":[{"taxonomy":"category","embeddable":true,"href":"https:\/\/www.ilmercoledi.news\/ilmercoledi\/news\/wp-json\/wp\/v2\/categories?post=11794"},{"taxonomy":"post_tag","embeddable":true,"href":"https:\/\/www.ilmercoledi.news\/ilmercoledi\/news\/wp-json\/wp\/v2\/tags?post=11794"},{"taxonomy":"news-destination","embeddable":true,"href":"https:\/\/www.ilmercoledi.news\/ilmercoledi\/news\/wp-json\/wp\/v2\/news-destination?post=11794"},{"taxonomy":"news-source","embeddable":true,"href":"https:\/\/www.ilmercoledi.news\/ilmercoledi\/news\/wp-json\/wp\/v2\/news-source?post=11794"},{"taxonomy":"is_homepage","embeddable":true,"href":"https:\/\/www.ilmercoledi.news\/ilmercoledi\/news\/wp-json\/wp\/v2\/is_homepage?post=11794"},{"taxonomy":"ta_other","embeddable":true,"href":"https:\/\/www.ilmercoledi.news\/ilmercoledi\/news\/wp-json\/wp\/v2\/ta_other?post=11794"}],"curies":[{"name":"wp","href":"https:\/\/api.w.org\/{rel}","templated":true}]}}