{"id":1180,"date":"2018-01-11T09:28:38","date_gmt":"2018-01-11T08:28:38","guid":{"rendered":"http:\/\/euwps02.tecnavia.com\/ilmercoledi\/news\/?p=1180"},"modified":"2018-02-08T07:58:37","modified_gmt":"2018-02-08T06:58:37","slug":"carmagnola-serve-un-tetto-non-ce-lha-comune-chiede-mano-ai-cittadini","status":"publish","type":"post","link":"https:\/\/www.ilmercoledi.news\/2018\/01\/11\/carmagnola-serve-un-tetto-non-ce-lha-comune-chiede-mano-ai-cittadini\/","title":{"rendered":"A Carmagnola serve un tetto per chi non ce l&#8217;ha. Il Comune chiede una mano ai cittadini"},"content":{"rendered":"<p>Chi \u00e8 rimasto senza casa potrebbe avere una possibilit\u00e0 in pi\u00f9.<\/p>\n<p>Si tratta dell\u2019appello lanciato dal Comune di Carmagnola ai proprietari di appartamenti vuoti per trovare nuove possibili sistemazioni alle vittime dell\u2019emergenza abitativa.<\/p>\n<p>Il primo passo \u00e8 l\u2019indagine (non vincolante) che l\u2019amministrazione cittadina ha deciso di avviare tra i titolari di locali idonei che, se interessati, dovranno consegnare le proprie intenzioni in busta chiusa a mano o per posta all\u2019ufficio Politiche sociali, in pizza Manzoni 10, per le valutazioni del Ne seguir\u00e0 un albo degli alloggi immediatamente disponibili, da utilizzare per futuri contratti di affitto, inizialmente della durata di un anno.<\/p>\n<p>L\u2019invito \u00e8 rivolto ai privati cittadini e agli operatori del settore immobiliare (imprese di costruzione, agenzie immobiliari). Gli interessati hanno tempo fino al 30 giugno 2018 per comunicarlo agli uffici di piazza Manzoni. Verranno presi in considerazione per\u00f2 solo i locali rispondenti a determinati requisiti:<\/p>\n<ul>\n<li>essere ubicate sul territorio comunale;<\/li>\n<li>rientrare nelle categorie catastali non di lusso (A\/2, A\/3, A\/4);<\/li>\n<li>avere una superficie utile abitativa, ovvero superficie di pavimento, misurata al netto dei muri perimetrali di quelli interni, di norma non inferiore a 30 mq. e non superiore a mq. 90;<\/li>\n<li>avere l\u2019attestazione di regolarit\u00e0 edilizia ed urbanistica;<\/li>\n<li>essere, al momento della stipulazione del contratto di locazione, ultimate e agibili, nonch\u00e9 libere da persone e cose, da gravami, liti, pendenze, diritti di terzi, canoni di qualunque natura e specie;<\/li>\n<li>essere corredate, al momento della stipulazione del contratto di locazione, da tutte le certificazioni tecniche ed impiantistiche necessarie a norma di legge (dichiarazione di conformit\u00e0 o di rispondenza degli impianti);<\/li>\n<li>essere provvisti di regolare Attestazione di Prestazione Energetica (A.P.E.);<\/li>\n<li>non essere stati acquistate, costruite o recuperate con contributi o finanziamenti pubblici;<\/li>\n<li>essere collocate in edifici con ascensore, se situate dal II piano (III f.t.) o ai piani superiori;<\/li>\n<li>disporre di servizi igienici privati o di servizi igienici comuni a pi\u00f9 unit\u00e0 abitative;<\/li>\n<li>non avere aree adibite a verde esclusivo, la cui superficie sia maggiore del 10% della superficie utile dell\u2019alloggio o, comunque, superiore a 10 mq.<\/li>\n<\/ul>\n","protected":false},"excerpt":{"rendered":"","protected":false},"author":5,"featured_media":1170,"comment_status":"open","ping_status":"closed","sticky":false,"template":"","format":"standard","meta":[],"categories":[8],"tags":[80,78,69,81,77,79],"news-destination":[],"news-source":[],"is_homepage":[],"ta_other":[],"_links":{"self":[{"href":"https:\/\/www.ilmercoledi.news\/ilmercoledi\/news\/wp-json\/wp\/v2\/posts\/1180"}],"collection":[{"href":"https:\/\/www.ilmercoledi.news\/ilmercoledi\/news\/wp-json\/wp\/v2\/posts"}],"about":[{"href":"https:\/\/www.ilmercoledi.news\/ilmercoledi\/news\/wp-json\/wp\/v2\/types\/post"}],"author":[{"embeddable":true,"href":"https:\/\/www.ilmercoledi.news\/ilmercoledi\/news\/wp-json\/wp\/v2\/users\/5"}],"replies":[{"embeddable":true,"href":"https:\/\/www.ilmercoledi.news\/ilmercoledi\/news\/wp-json\/wp\/v2\/comments?post=1180"}],"version-history":[{"count":1,"href":"https:\/\/www.ilmercoledi.news\/ilmercoledi\/news\/wp-json\/wp\/v2\/posts\/1180\/revisions"}],"predecessor-version":[{"id":1181,"href":"https:\/\/www.ilmercoledi.news\/ilmercoledi\/news\/wp-json\/wp\/v2\/posts\/1180\/revisions\/1181"}],"wp:featuredmedia":[{"embeddable":true,"href":"https:\/\/www.ilmercoledi.news\/ilmercoledi\/news\/wp-json\/wp\/v2\/media\/1170"}],"wp:attachment":[{"href":"https:\/\/www.ilmercoledi.news\/ilmercoledi\/news\/wp-json\/wp\/v2\/media?parent=1180"}],"wp:term":[{"taxonomy":"category","embeddable":true,"href":"https:\/\/www.ilmercoledi.news\/ilmercoledi\/news\/wp-json\/wp\/v2\/categories?post=1180"},{"taxonomy":"post_tag","embeddable":true,"href":"https:\/\/www.ilmercoledi.news\/ilmercoledi\/news\/wp-json\/wp\/v2\/tags?post=1180"},{"taxonomy":"news-destination","embeddable":true,"href":"https:\/\/www.ilmercoledi.news\/ilmercoledi\/news\/wp-json\/wp\/v2\/news-destination?post=1180"},{"taxonomy":"news-source","embeddable":true,"href":"https:\/\/www.ilmercoledi.news\/ilmercoledi\/news\/wp-json\/wp\/v2\/news-source?post=1180"},{"taxonomy":"is_homepage","embeddable":true,"href":"https:\/\/www.ilmercoledi.news\/ilmercoledi\/news\/wp-json\/wp\/v2\/is_homepage?post=1180"},{"taxonomy":"ta_other","embeddable":true,"href":"https:\/\/www.ilmercoledi.news\/ilmercoledi\/news\/wp-json\/wp\/v2\/ta_other?post=1180"}],"curies":[{"name":"wp","href":"https:\/\/api.w.org\/{rel}","templated":true}]}}