{"id":11862,"date":"2018-10-25T19:25:44","date_gmt":"2018-10-25T17:25:44","guid":{"rendered":"http:\/\/euwps02.tecnavia.com\/ilmercoledi\/news\/?p=11862"},"modified":"2018-10-26T08:12:48","modified_gmt":"2018-10-26T06:12:48","slug":"la-loggia-nasce-larea-parco-attrezzata-piu-grande-del-territorio","status":"publish","type":"post","link":"https:\/\/www.ilmercoledi.news\/2018\/10\/25\/la-loggia-nasce-larea-parco-attrezzata-piu-grande-del-territorio\/","title":{"rendered":"LA LOGGIA &#8211; Nasce l&#8217;area parco attrezzata pi\u00f9 grande del territorio"},"content":{"rendered":"<p>Nasce a La Loggia, tra via Tetti Alassa e via Giuseppe Di Vittorio, la pi\u00f9 grande area verde in zona urbana con la realizzazione di un parco e di un percorso &#8221; Vita&#8221;, assieme agli Orti Urbani. Un progetto che permetter\u00e0 di \u201cattrezzare\u201d in modo versatile uno spazio verde e riqualificare attraverso strutture non invasive, in armonia con l&#8217;ambiente, un&#8217;area che rischiava di rimanere per ancora molti anni incolta ed abbandonata . L&#8217;accordo ha previsto la fine dei contenziosi in corso, iniziati per via della crisi nel comparto dell&#8217;edilizia in cui si erano sforate le tempistiche di consegna , con una nuova convenzione che nell&#8217;arco di 18 mesi a partire da settembre 2018 realizzer\u00e0 l&#8217;area attrezzata. Nei prossimi mesi verr\u00e0 stabilito un regolamento per l&#8217;assegnazione dei primi orti urbani sul territorio e vi sar\u00e0 un confronto con i Giovani Loggesi per l&#8217;attrezzatura del percorso Vita .<\/p>\n","protected":false},"excerpt":{"rendered":"","protected":false},"author":11,"featured_media":1776,"comment_status":"open","ping_status":"closed","sticky":false,"template":"","format":"standard","meta":[],"categories":[34],"tags":[],"news-destination":[],"news-source":[],"is_homepage":[],"ta_other":[],"_links":{"self":[{"href":"https:\/\/www.ilmercoledi.news\/ilmercoledi\/news\/wp-json\/wp\/v2\/posts\/11862"}],"collection":[{"href":"https:\/\/www.ilmercoledi.news\/ilmercoledi\/news\/wp-json\/wp\/v2\/posts"}],"about":[{"href":"https:\/\/www.ilmercoledi.news\/ilmercoledi\/news\/wp-json\/wp\/v2\/types\/post"}],"author":[{"embeddable":true,"href":"https:\/\/www.ilmercoledi.news\/ilmercoledi\/news\/wp-json\/wp\/v2\/users\/11"}],"replies":[{"embeddable":true,"href":"https:\/\/www.ilmercoledi.news\/ilmercoledi\/news\/wp-json\/wp\/v2\/comments?post=11862"}],"version-history":[{"count":1,"href":"https:\/\/www.ilmercoledi.news\/ilmercoledi\/news\/wp-json\/wp\/v2\/posts\/11862\/revisions"}],"predecessor-version":[{"id":11863,"href":"https:\/\/www.ilmercoledi.news\/ilmercoledi\/news\/wp-json\/wp\/v2\/posts\/11862\/revisions\/11863"}],"wp:featuredmedia":[{"embeddable":true,"href":"https:\/\/www.ilmercoledi.news\/ilmercoledi\/news\/wp-json\/wp\/v2\/media\/1776"}],"wp:attachment":[{"href":"https:\/\/www.ilmercoledi.news\/ilmercoledi\/news\/wp-json\/wp\/v2\/media?parent=11862"}],"wp:term":[{"taxonomy":"category","embeddable":true,"href":"https:\/\/www.ilmercoledi.news\/ilmercoledi\/news\/wp-json\/wp\/v2\/categories?post=11862"},{"taxonomy":"post_tag","embeddable":true,"href":"https:\/\/www.ilmercoledi.news\/ilmercoledi\/news\/wp-json\/wp\/v2\/tags?post=11862"},{"taxonomy":"news-destination","embeddable":true,"href":"https:\/\/www.ilmercoledi.news\/ilmercoledi\/news\/wp-json\/wp\/v2\/news-destination?post=11862"},{"taxonomy":"news-source","embeddable":true,"href":"https:\/\/www.ilmercoledi.news\/ilmercoledi\/news\/wp-json\/wp\/v2\/news-source?post=11862"},{"taxonomy":"is_homepage","embeddable":true,"href":"https:\/\/www.ilmercoledi.news\/ilmercoledi\/news\/wp-json\/wp\/v2\/is_homepage?post=11862"},{"taxonomy":"ta_other","embeddable":true,"href":"https:\/\/www.ilmercoledi.news\/ilmercoledi\/news\/wp-json\/wp\/v2\/ta_other?post=11862"}],"curies":[{"name":"wp","href":"https:\/\/api.w.org\/{rel}","templated":true}]}}