{"id":12046,"date":"2018-10-30T15:16:48","date_gmt":"2018-10-30T14:16:48","guid":{"rendered":"http:\/\/euwps02.tecnavia.com\/ilmercoledi\/news\/?p=12046"},"modified":"2018-10-30T15:16:50","modified_gmt":"2018-10-30T14:16:50","slug":"nichelino-condanna-della-giunta-sulla-manifestazione-di-forza-nuova","status":"publish","type":"post","link":"https:\/\/www.ilmercoledi.news\/2018\/10\/30\/nichelino-condanna-della-giunta-sulla-manifestazione-di-forza-nuova\/","title":{"rendered":"NICHELINO &#8211; Condanna della giunta sulla manifestazione di Forza Nuova"},"content":{"rendered":"<p>La giunta comunale nichelinese contro le manifestazioni di questi giorni di Forza Nuova. In particolare il paragone fatto da una militante del gruppo di estrema destra tra l&#8217;orrore di Auschwitz e Disneyland. La donna ha indossato, in occasione della manifestazione filofascista di Predappio, una t-shirt nera con la scritta &#8216;Auschwitzland&#8217;. Una maglietta che lascia\u00a0intendere come il campo di sterminio di Auschwitz sarebbe stato un luogo di intrattenimento. \u00abL&#8217;apologia del fascismo \u00e8 un fatto grave ed \u00e8 un reato \u2013 afferma il sindaco di\u00a0#Nichelino\u00a0Giampiero Tolardo\u00a0\u2013 Come tale andrebbe perseguito. La nostra citt\u00e0, da parecchi anni, partecipa ai Viaggi della Memoria proprio per far vedere ai ragazzi, con i loro occhi, cosa \u00e8 stato l&#8217;orrore nazista. Tutti coloro che partecipano, tornano dal viaggio cambiati, consapevoli di quello che hanno osservato. E&#8217; inaccettabile che nel 2018 ci sia chi esalti pubblicamente l&#8217;Olocausto e tenti di sminuirne la portata. Il nostro paese sta attraversando una rischiosa deriva culturale xenofoba, alimentata anche dal razzismo quotidiano contro gli stranieri o chi ha la pelle diversa. Un esempio \u00e8 quanto \u00e8 capitato sul treno Milano &#8211; Trieste a una ragazza italiana di origine straniera, a cui, una passeggera si \u00e8 rifiutata di sedersi accanto dicendo: \u201cNon mi siedo vicino a una negra\u201d. L&#8217;episodio ha profondamente ferito la ragazza ed \u00e8 poi stato raccontato dalla madre su Facebook. Cose del genere non devono capitare e non possono essere lasciate passare sotto silenzio. Dobbiamo lavorare per impedire che i valori civili conquistati dalle generazioni precedenti siano perduti. L&#8217;Italia merita di essere un paese civile e umano\u00bb.<\/p>\n","protected":false},"excerpt":{"rendered":"","protected":false},"author":11,"featured_media":1869,"comment_status":"open","ping_status":"closed","sticky":false,"template":"","format":"standard","meta":[],"categories":[34],"tags":[],"news-destination":[],"news-source":[],"is_homepage":[],"ta_other":[],"_links":{"self":[{"href":"https:\/\/www.ilmercoledi.news\/ilmercoledi\/news\/wp-json\/wp\/v2\/posts\/12046"}],"collection":[{"href":"https:\/\/www.ilmercoledi.news\/ilmercoledi\/news\/wp-json\/wp\/v2\/posts"}],"about":[{"href":"https:\/\/www.ilmercoledi.news\/ilmercoledi\/news\/wp-json\/wp\/v2\/types\/post"}],"author":[{"embeddable":true,"href":"https:\/\/www.ilmercoledi.news\/ilmercoledi\/news\/wp-json\/wp\/v2\/users\/11"}],"replies":[{"embeddable":true,"href":"https:\/\/www.ilmercoledi.news\/ilmercoledi\/news\/wp-json\/wp\/v2\/comments?post=12046"}],"version-history":[{"count":1,"href":"https:\/\/www.ilmercoledi.news\/ilmercoledi\/news\/wp-json\/wp\/v2\/posts\/12046\/revisions"}],"predecessor-version":[{"id":12047,"href":"https:\/\/www.ilmercoledi.news\/ilmercoledi\/news\/wp-json\/wp\/v2\/posts\/12046\/revisions\/12047"}],"wp:featuredmedia":[{"embeddable":true,"href":"https:\/\/www.ilmercoledi.news\/ilmercoledi\/news\/wp-json\/wp\/v2\/media\/1869"}],"wp:attachment":[{"href":"https:\/\/www.ilmercoledi.news\/ilmercoledi\/news\/wp-json\/wp\/v2\/media?parent=12046"}],"wp:term":[{"taxonomy":"category","embeddable":true,"href":"https:\/\/www.ilmercoledi.news\/ilmercoledi\/news\/wp-json\/wp\/v2\/categories?post=12046"},{"taxonomy":"post_tag","embeddable":true,"href":"https:\/\/www.ilmercoledi.news\/ilmercoledi\/news\/wp-json\/wp\/v2\/tags?post=12046"},{"taxonomy":"news-destination","embeddable":true,"href":"https:\/\/www.ilmercoledi.news\/ilmercoledi\/news\/wp-json\/wp\/v2\/news-destination?post=12046"},{"taxonomy":"news-source","embeddable":true,"href":"https:\/\/www.ilmercoledi.news\/ilmercoledi\/news\/wp-json\/wp\/v2\/news-source?post=12046"},{"taxonomy":"is_homepage","embeddable":true,"href":"https:\/\/www.ilmercoledi.news\/ilmercoledi\/news\/wp-json\/wp\/v2\/is_homepage?post=12046"},{"taxonomy":"ta_other","embeddable":true,"href":"https:\/\/www.ilmercoledi.news\/ilmercoledi\/news\/wp-json\/wp\/v2\/ta_other?post=12046"}],"curies":[{"name":"wp","href":"https:\/\/api.w.org\/{rel}","templated":true}]}}