{"id":12502,"date":"2018-11-10T11:52:09","date_gmt":"2018-11-10T10:52:09","guid":{"rendered":"http:\/\/euwps02.tecnavia.com\/ilmercoledi\/news\/?p=12502"},"modified":"2018-11-10T14:35:30","modified_gmt":"2018-11-10T13:35:30","slug":"oggi-piazza-castello-gremita-manifestano-20-000-persone-per-dire-torino-vale-di-piu","status":"publish","type":"post","link":"https:\/\/www.ilmercoledi.news\/2018\/11\/10\/oggi-piazza-castello-gremita-manifestano-20-000-persone-per-dire-torino-vale-di-piu\/","title":{"rendered":"Oggi piazza Castello gremita: manifestano oltre 25.000 persone per dire: Torino Vale di Pi\u00f9"},"content":{"rendered":"<p style=\"padding-left: 30px;\">Pi\u00f9 che un&#8217;onda una marea . Piazza Castello letteralmente gremita di gente; la manifestazione promossa dal gruppo S\u00ec Torino Vale di Pi\u00f9 ha fatto il botto.<\/p>\n<p>Secondo gli ultimi dati forniti dalla Questura, sarebbero 25mila le persone presenti alla manifestazione. Secondo alcuni tra i presenti sarebbero stati almeno 30mila.<\/p>\n<p>Un evento partito con in sottofondo la canzone &#8220;Penso Positivo&#8221; e al grido di &#8220;Oggi inizia il cambiamento, Torino dice si alle infrastrutture, s\u00ec alla Tav&#8221;. Un messaggio preciso alla sindaca di Torino Chiara Appendino e al MoVimento 5 Stelle che solo poche settimane fa ha votato un ordine del giorno in Consiglio comunale contro l&#8217;alta velocit\u00e0. Una domanda \u00e8 aleggiata nell&#8217;aria: cosa sarebbe oggi Torino senza il Freyus, il Mediterraneo senza il canale di Suez? Oggi Torino vale di pi\u00f9. E la marea di piazza Castello lo ha dimostrato.<\/p>\n<p>&nbsp;<\/p>\n<p><img alt=\"Oggi piazza Castello gremita: manifestano oltre 25.000 persone per dire: Torino Vale di Pi\u00f9\" title=\"Oggi piazza Castello gremita: manifestano oltre 25.000 persone per dire: Torino Vale di Pi\u00f9\" loading=\"lazy\" class=\"size-medium wp-image-12501\" src=\"https:\/\/www.ilmercoledi.news\/ilmercoledi\/news\/wp-content\/uploads\/sites\/3\/2018\/11\/IMG-20181110-WA0001-300x169.jpg\" alt=\"\" width=\"300\" height=\"169\" srcset=\"https:\/\/euwps05.newsmemory.com\/ilmercoledi\/news\/wp-content\/uploads\/sites\/3\/2018\/11\/IMG-20181110-WA0001-300x169.jpg 300w, https:\/\/euwps05.newsmemory.com\/ilmercoledi\/news\/wp-content\/uploads\/sites\/3\/2018\/11\/IMG-20181110-WA0001-768x432.jpg 768w, https:\/\/euwps05.newsmemory.com\/ilmercoledi\/news\/wp-content\/uploads\/sites\/3\/2018\/11\/IMG-20181110-WA0001-1024x576.jpg 1024w, https:\/\/euwps05.newsmemory.com\/ilmercoledi\/news\/wp-content\/uploads\/sites\/3\/2018\/11\/IMG-20181110-WA0001-750x422.jpg 750w, https:\/\/euwps05.newsmemory.com\/ilmercoledi\/news\/wp-content\/uploads\/sites\/3\/2018\/11\/IMG-20181110-WA0001.jpg 1600w\" sizes=\"(max-width: 300px) 100vw, 300px\" \/><\/p>\n<p>&nbsp;<\/p>\n<p>Tav ma non solo. Presentato anche il manifesto in sette punti per dire s\u00ec al lavoro e alle nostre imprese, ma anche ai grandi eventi artistici, sportivi e culturali. S\u00ec alla Torino citt\u00e0 dello studio, per evitare che altri 30mila torinesi se ne vadano all&#8217;estero.<\/p>\n<p>Intanto, presso la stazione di Torino Porta Susa un gruppetto di No Tav ha effettuato un presidio con volantinaggio.<\/p>\n<p><!--more--><\/p>\n","protected":false},"excerpt":{"rendered":"","protected":false},"author":4,"featured_media":12500,"comment_status":"open","ping_status":"closed","sticky":false,"template":"","format":"standard","meta":[],"categories":[8],"tags":[],"news-destination":[],"news-source":[],"is_homepage":[],"ta_other":[],"_links":{"self":[{"href":"https:\/\/www.ilmercoledi.news\/ilmercoledi\/news\/wp-json\/wp\/v2\/posts\/12502"}],"collection":[{"href":"https:\/\/www.ilmercoledi.news\/ilmercoledi\/news\/wp-json\/wp\/v2\/posts"}],"about":[{"href":"https:\/\/www.ilmercoledi.news\/ilmercoledi\/news\/wp-json\/wp\/v2\/types\/post"}],"author":[{"embeddable":true,"href":"https:\/\/www.ilmercoledi.news\/ilmercoledi\/news\/wp-json\/wp\/v2\/users\/4"}],"replies":[{"embeddable":true,"href":"https:\/\/www.ilmercoledi.news\/ilmercoledi\/news\/wp-json\/wp\/v2\/comments?post=12502"}],"version-history":[{"count":7,"href":"https:\/\/www.ilmercoledi.news\/ilmercoledi\/news\/wp-json\/wp\/v2\/posts\/12502\/revisions"}],"predecessor-version":[{"id":12509,"href":"https:\/\/www.ilmercoledi.news\/ilmercoledi\/news\/wp-json\/wp\/v2\/posts\/12502\/revisions\/12509"}],"wp:featuredmedia":[{"embeddable":true,"href":"https:\/\/www.ilmercoledi.news\/ilmercoledi\/news\/wp-json\/wp\/v2\/media\/12500"}],"wp:attachment":[{"href":"https:\/\/www.ilmercoledi.news\/ilmercoledi\/news\/wp-json\/wp\/v2\/media?parent=12502"}],"wp:term":[{"taxonomy":"category","embeddable":true,"href":"https:\/\/www.ilmercoledi.news\/ilmercoledi\/news\/wp-json\/wp\/v2\/categories?post=12502"},{"taxonomy":"post_tag","embeddable":true,"href":"https:\/\/www.ilmercoledi.news\/ilmercoledi\/news\/wp-json\/wp\/v2\/tags?post=12502"},{"taxonomy":"news-destination","embeddable":true,"href":"https:\/\/www.ilmercoledi.news\/ilmercoledi\/news\/wp-json\/wp\/v2\/news-destination?post=12502"},{"taxonomy":"news-source","embeddable":true,"href":"https:\/\/www.ilmercoledi.news\/ilmercoledi\/news\/wp-json\/wp\/v2\/news-source?post=12502"},{"taxonomy":"is_homepage","embeddable":true,"href":"https:\/\/www.ilmercoledi.news\/ilmercoledi\/news\/wp-json\/wp\/v2\/is_homepage?post=12502"},{"taxonomy":"ta_other","embeddable":true,"href":"https:\/\/www.ilmercoledi.news\/ilmercoledi\/news\/wp-json\/wp\/v2\/ta_other?post=12502"}],"curies":[{"name":"wp","href":"https:\/\/api.w.org\/{rel}","templated":true}]}}