{"id":12586,"date":"2018-11-14T07:56:38","date_gmt":"2018-11-14T06:56:38","guid":{"rendered":"http:\/\/euwps02.tecnavia.com\/ilmercoledi\/news\/?p=12586"},"modified":"2018-11-14T07:56:39","modified_gmt":"2018-11-14T06:56:39","slug":"nichelino-la-scuola-politica-parla-di-aborto","status":"publish","type":"post","link":"https:\/\/www.ilmercoledi.news\/2018\/11\/14\/nichelino-la-scuola-politica-parla-di-aborto\/","title":{"rendered":"NICHELINO &#8211; La scuola politica parla di aborto"},"content":{"rendered":"<p>La Scuola di Formazione Politica nichelinese organizza venerd\u00ec 16 novembre, in collaborazione con la Consulta delle donne nichelinesi e con il patrocinio della Citt\u00e0 di Nichelino, un incontro sullo stato di attuazione della legge sull&#8217;aborto, che vale come terza lezione del corso 2018\/19. Ne parler\u00e0 Tullia Todros, professore ordinario di Ginecologia e Ostetricia all&#8217;Universit\u00e0 di Torino. Moderer\u00e0 il dibattito Tullia Penna. L&#8217;appuntamento \u00e8 alle 20.45 in sala Mattei, al secondo piano del palazzo municipale di piazza Di Vittorio. Ingresso gratuito e aperto a tutti.<\/p>\n","protected":false},"excerpt":{"rendered":"","protected":false},"author":11,"featured_media":1869,"comment_status":"open","ping_status":"closed","sticky":false,"template":"","format":"standard","meta":[],"categories":[34],"tags":[],"news-destination":[],"news-source":[],"is_homepage":[],"ta_other":[],"_links":{"self":[{"href":"https:\/\/www.ilmercoledi.news\/ilmercoledi\/news\/wp-json\/wp\/v2\/posts\/12586"}],"collection":[{"href":"https:\/\/www.ilmercoledi.news\/ilmercoledi\/news\/wp-json\/wp\/v2\/posts"}],"about":[{"href":"https:\/\/www.ilmercoledi.news\/ilmercoledi\/news\/wp-json\/wp\/v2\/types\/post"}],"author":[{"embeddable":true,"href":"https:\/\/www.ilmercoledi.news\/ilmercoledi\/news\/wp-json\/wp\/v2\/users\/11"}],"replies":[{"embeddable":true,"href":"https:\/\/www.ilmercoledi.news\/ilmercoledi\/news\/wp-json\/wp\/v2\/comments?post=12586"}],"version-history":[{"count":1,"href":"https:\/\/www.ilmercoledi.news\/ilmercoledi\/news\/wp-json\/wp\/v2\/posts\/12586\/revisions"}],"predecessor-version":[{"id":12587,"href":"https:\/\/www.ilmercoledi.news\/ilmercoledi\/news\/wp-json\/wp\/v2\/posts\/12586\/revisions\/12587"}],"wp:featuredmedia":[{"embeddable":true,"href":"https:\/\/www.ilmercoledi.news\/ilmercoledi\/news\/wp-json\/wp\/v2\/media\/1869"}],"wp:attachment":[{"href":"https:\/\/www.ilmercoledi.news\/ilmercoledi\/news\/wp-json\/wp\/v2\/media?parent=12586"}],"wp:term":[{"taxonomy":"category","embeddable":true,"href":"https:\/\/www.ilmercoledi.news\/ilmercoledi\/news\/wp-json\/wp\/v2\/categories?post=12586"},{"taxonomy":"post_tag","embeddable":true,"href":"https:\/\/www.ilmercoledi.news\/ilmercoledi\/news\/wp-json\/wp\/v2\/tags?post=12586"},{"taxonomy":"news-destination","embeddable":true,"href":"https:\/\/www.ilmercoledi.news\/ilmercoledi\/news\/wp-json\/wp\/v2\/news-destination?post=12586"},{"taxonomy":"news-source","embeddable":true,"href":"https:\/\/www.ilmercoledi.news\/ilmercoledi\/news\/wp-json\/wp\/v2\/news-source?post=12586"},{"taxonomy":"is_homepage","embeddable":true,"href":"https:\/\/www.ilmercoledi.news\/ilmercoledi\/news\/wp-json\/wp\/v2\/is_homepage?post=12586"},{"taxonomy":"ta_other","embeddable":true,"href":"https:\/\/www.ilmercoledi.news\/ilmercoledi\/news\/wp-json\/wp\/v2\/ta_other?post=12586"}],"curies":[{"name":"wp","href":"https:\/\/api.w.org\/{rel}","templated":true}]}}