{"id":12815,"date":"2018-11-21T10:29:45","date_gmt":"2018-11-21T09:29:45","guid":{"rendered":"http:\/\/euwps02.tecnavia.com\/ilmercoledi\/news\/?p=12815"},"modified":"2018-11-21T10:29:47","modified_gmt":"2018-11-21T09:29:47","slug":"motori-driver-torinesi-al-rally-di-monte-carlo","status":"publish","type":"post","link":"https:\/\/www.ilmercoledi.news\/2018\/11\/21\/motori-driver-torinesi-al-rally-di-monte-carlo\/","title":{"rendered":"MOTORI &#8211; Driver torinesi al Rally di Monte Carlo"},"content":{"rendered":"<p>TORINO &#8211; Un richiamo irresistibile. Anche adesso che gli impegni di lavoro hanno assorbito quasi completamente il tempo. Ma il \u201cMonte\u201d \u00e8 sempre qualcosa difficile da raccontare almeno a chi non lo ha provato almeno una volta. E cos\u00ec Claudio Marenco ha deciso di prendere parte alla classica monegasca nel 2019. Lo far\u00e0 insieme al biellese Luca Pieri a bordo della Ford Fiesta R5 curata a Castelnuovo Scrivia nella factory di Agostino Roda. Per Marenco non \u00e8 la prima esperienza nella gara mondiale per antonomasia. Il driver torinese ha gi\u00e0 partecipato nel 2009 a bordo di una Renault Clio Super 1.6 chiudendo 14\u00b0 assoluto e primo fra le maggiorate millesei facendo segnare il decimo tempo assoluto sul Turini. E nel 2017 a bordo di una Peugeot 208 R2 con la quale ha chiuso al 36\u00b0 posto della classifica generale.<\/p>\n","protected":false},"excerpt":{"rendered":"","protected":false},"author":10,"featured_media":12816,"comment_status":"open","ping_status":"closed","sticky":false,"template":"","format":"standard","meta":[],"categories":[10],"tags":[],"news-destination":[],"news-source":[],"is_homepage":[],"ta_other":[],"_links":{"self":[{"href":"https:\/\/www.ilmercoledi.news\/ilmercoledi\/news\/wp-json\/wp\/v2\/posts\/12815"}],"collection":[{"href":"https:\/\/www.ilmercoledi.news\/ilmercoledi\/news\/wp-json\/wp\/v2\/posts"}],"about":[{"href":"https:\/\/www.ilmercoledi.news\/ilmercoledi\/news\/wp-json\/wp\/v2\/types\/post"}],"author":[{"embeddable":true,"href":"https:\/\/www.ilmercoledi.news\/ilmercoledi\/news\/wp-json\/wp\/v2\/users\/10"}],"replies":[{"embeddable":true,"href":"https:\/\/www.ilmercoledi.news\/ilmercoledi\/news\/wp-json\/wp\/v2\/comments?post=12815"}],"version-history":[{"count":1,"href":"https:\/\/www.ilmercoledi.news\/ilmercoledi\/news\/wp-json\/wp\/v2\/posts\/12815\/revisions"}],"predecessor-version":[{"id":12817,"href":"https:\/\/www.ilmercoledi.news\/ilmercoledi\/news\/wp-json\/wp\/v2\/posts\/12815\/revisions\/12817"}],"wp:featuredmedia":[{"embeddable":true,"href":"https:\/\/www.ilmercoledi.news\/ilmercoledi\/news\/wp-json\/wp\/v2\/media\/12816"}],"wp:attachment":[{"href":"https:\/\/www.ilmercoledi.news\/ilmercoledi\/news\/wp-json\/wp\/v2\/media?parent=12815"}],"wp:term":[{"taxonomy":"category","embeddable":true,"href":"https:\/\/www.ilmercoledi.news\/ilmercoledi\/news\/wp-json\/wp\/v2\/categories?post=12815"},{"taxonomy":"post_tag","embeddable":true,"href":"https:\/\/www.ilmercoledi.news\/ilmercoledi\/news\/wp-json\/wp\/v2\/tags?post=12815"},{"taxonomy":"news-destination","embeddable":true,"href":"https:\/\/www.ilmercoledi.news\/ilmercoledi\/news\/wp-json\/wp\/v2\/news-destination?post=12815"},{"taxonomy":"news-source","embeddable":true,"href":"https:\/\/www.ilmercoledi.news\/ilmercoledi\/news\/wp-json\/wp\/v2\/news-source?post=12815"},{"taxonomy":"is_homepage","embeddable":true,"href":"https:\/\/www.ilmercoledi.news\/ilmercoledi\/news\/wp-json\/wp\/v2\/is_homepage?post=12815"},{"taxonomy":"ta_other","embeddable":true,"href":"https:\/\/www.ilmercoledi.news\/ilmercoledi\/news\/wp-json\/wp\/v2\/ta_other?post=12815"}],"curies":[{"name":"wp","href":"https:\/\/api.w.org\/{rel}","templated":true}]}}