{"id":12846,"date":"2018-11-21T18:43:31","date_gmt":"2018-11-21T17:43:31","guid":{"rendered":"http:\/\/euwps02.tecnavia.com\/ilmercoledi\/news\/?p=12846"},"modified":"2018-11-21T18:43:34","modified_gmt":"2018-11-21T17:43:34","slug":"rally-rese-note-le-date-delle-nostre-corse","status":"publish","type":"post","link":"https:\/\/www.ilmercoledi.news\/2018\/11\/21\/rally-rese-note-le-date-delle-nostre-corse\/","title":{"rendered":"RALLY &#8211; Rese note le date delle \u00abnostre\u00bb corse"},"content":{"rendered":"<p>MONCALIERI &#8211; Manca l&#8217;avvallo definitivo da Roma atteso per Natale ma ormai si pu\u00f2 dire che \u00e8 cosa fatta. Stiamo parlando del calendario agonistico piemontese relativo ai rally e agli slalom, due discipline che vedono sempre in prima linea  i portacolori della scuderie di Moncalieri e dintorni, in modo particolare quando le gare sono le nostra regione. L&#8217;elenco \u00e8 stato stilato mercoled\u00ec scorso presso la sede torinese dell&#8217;Aci e manco a dirlo una volta avuto in mano il datario siamo andati subito a cercare le competizioni organizzate da Capello e soci della Sport Rally Team di Carmagnola, la \u00abnostra\u00bb promoter per eccellenza. La prima bella notizia \u00e8 che il ritorno del Rally Carmagnola di quest&#8217;anno non \u00e8 stato un amarcord occasionale, bens\u00ec un vero e proprio rientro in grande stile di una corsa che ha fatto storia e che ora si \u00e8 riconquistata di diritto il suo posto nel panorama regionale. Sempre in versione storica animer\u00e0 il fine settimana del 21 luglio e rappresenter\u00e0 il suggello della stagione agonistica griffata \u00abSRT\u00bb, infatti verr\u00e0 preceduta dal Valli Cuneesi e Valli Cuneesi Storico, valido per la Coppa Italia e fissato per il 12 maggio e dal \u00abMoscato\u00bb (30 giugno), inserito nel circuito Nazionale e gestito in sinergia con la celeberrima 991 Racing creata da Beppe Sarotto. Altrettanto degni di nota gli appuntamenti che non mancano mai di vedere una nutrita partecipazione da parte de il Mercoled\u00ec Racing Team e le scuderie di Moncalieri Due Gi Sport e Aeffe Sport. Una lista in cui compaiono i seguenti eventi corsaioli: Rally dei Vigneti Monferrini (categoria Rally Day, in scena il 10 marzo); Team 971 (Nazionale, 28 aprile); Alba (Cir-Wrc e Coppa Italia, 28 luglio); Citt\u00e0 di Torino (Nazionale e Coppa Italia, 15 settembre), Colli del Monferrato (Ronde, 17 novembre); Canavese (Ronde, 1 dicembre). Per quanto riguarda gli slalom merita spendere qualche battuta per due classici del genere: la Susa Moncenisio (9 giugno) e la Garessio San Bernardo (8 settembre). Doveroso indicare anche il Bubbio-Cassinasco che porta la firma organizzativa della Aeffe Sport.<\/p>\n","protected":false},"excerpt":{"rendered":"","protected":false},"author":10,"featured_media":12847,"comment_status":"open","ping_status":"closed","sticky":false,"template":"","format":"standard","meta":[],"categories":[10],"tags":[],"news-destination":[],"news-source":[],"is_homepage":[],"ta_other":[],"_links":{"self":[{"href":"https:\/\/www.ilmercoledi.news\/ilmercoledi\/news\/wp-json\/wp\/v2\/posts\/12846"}],"collection":[{"href":"https:\/\/www.ilmercoledi.news\/ilmercoledi\/news\/wp-json\/wp\/v2\/posts"}],"about":[{"href":"https:\/\/www.ilmercoledi.news\/ilmercoledi\/news\/wp-json\/wp\/v2\/types\/post"}],"author":[{"embeddable":true,"href":"https:\/\/www.ilmercoledi.news\/ilmercoledi\/news\/wp-json\/wp\/v2\/users\/10"}],"replies":[{"embeddable":true,"href":"https:\/\/www.ilmercoledi.news\/ilmercoledi\/news\/wp-json\/wp\/v2\/comments?post=12846"}],"version-history":[{"count":1,"href":"https:\/\/www.ilmercoledi.news\/ilmercoledi\/news\/wp-json\/wp\/v2\/posts\/12846\/revisions"}],"predecessor-version":[{"id":12848,"href":"https:\/\/www.ilmercoledi.news\/ilmercoledi\/news\/wp-json\/wp\/v2\/posts\/12846\/revisions\/12848"}],"wp:featuredmedia":[{"embeddable":true,"href":"https:\/\/www.ilmercoledi.news\/ilmercoledi\/news\/wp-json\/wp\/v2\/media\/12847"}],"wp:attachment":[{"href":"https:\/\/www.ilmercoledi.news\/ilmercoledi\/news\/wp-json\/wp\/v2\/media?parent=12846"}],"wp:term":[{"taxonomy":"category","embeddable":true,"href":"https:\/\/www.ilmercoledi.news\/ilmercoledi\/news\/wp-json\/wp\/v2\/categories?post=12846"},{"taxonomy":"post_tag","embeddable":true,"href":"https:\/\/www.ilmercoledi.news\/ilmercoledi\/news\/wp-json\/wp\/v2\/tags?post=12846"},{"taxonomy":"news-destination","embeddable":true,"href":"https:\/\/www.ilmercoledi.news\/ilmercoledi\/news\/wp-json\/wp\/v2\/news-destination?post=12846"},{"taxonomy":"news-source","embeddable":true,"href":"https:\/\/www.ilmercoledi.news\/ilmercoledi\/news\/wp-json\/wp\/v2\/news-source?post=12846"},{"taxonomy":"is_homepage","embeddable":true,"href":"https:\/\/www.ilmercoledi.news\/ilmercoledi\/news\/wp-json\/wp\/v2\/is_homepage?post=12846"},{"taxonomy":"ta_other","embeddable":true,"href":"https:\/\/www.ilmercoledi.news\/ilmercoledi\/news\/wp-json\/wp\/v2\/ta_other?post=12846"}],"curies":[{"name":"wp","href":"https:\/\/api.w.org\/{rel}","templated":true}]}}