{"id":12850,"date":"2018-11-22T08:01:09","date_gmt":"2018-11-22T07:01:09","guid":{"rendered":"http:\/\/euwps02.tecnavia.com\/ilmercoledi\/news\/?p=12850"},"modified":"2018-11-22T08:01:11","modified_gmt":"2018-11-22T07:01:11","slug":"carmagnola-auto-a-fuoco-nei-campi-della-motta","status":"publish","type":"post","link":"https:\/\/www.ilmercoledi.news\/2018\/11\/22\/carmagnola-auto-a-fuoco-nei-campi-della-motta\/","title":{"rendered":"CARMAGNOLA &#8211; Auto a fuoco nei campi della Motta"},"content":{"rendered":"<p>L&#8217;allarme \u00e8 scattato questa mattina, 22 novembre, da alcuni automobilisti che hanno visto il mezzo bruciare nei campi lungo la provinciale 129 per Casalgrasso.\u00a0I pompieri hanno domato le fiamme in pochi minuti: non ci sono stati feriti. Il fatto \u00e8 successo vicino alla frazione Motta. Nelle prossime ore si cercher\u00e0 di capire perch\u00e8 il mezzo fosse in quel posto isolato: al momento non si esclude l&#8217;ipotesi che sia stato precedentemente rubato. Indagano i carabinieri.<\/p>\n","protected":false},"excerpt":{"rendered":"","protected":false},"author":11,"featured_media":5220,"comment_status":"open","ping_status":"closed","sticky":false,"template":"","format":"standard","meta":[],"categories":[34],"tags":[],"news-destination":[],"news-source":[],"is_homepage":[],"ta_other":[],"_links":{"self":[{"href":"https:\/\/www.ilmercoledi.news\/ilmercoledi\/news\/wp-json\/wp\/v2\/posts\/12850"}],"collection":[{"href":"https:\/\/www.ilmercoledi.news\/ilmercoledi\/news\/wp-json\/wp\/v2\/posts"}],"about":[{"href":"https:\/\/www.ilmercoledi.news\/ilmercoledi\/news\/wp-json\/wp\/v2\/types\/post"}],"author":[{"embeddable":true,"href":"https:\/\/www.ilmercoledi.news\/ilmercoledi\/news\/wp-json\/wp\/v2\/users\/11"}],"replies":[{"embeddable":true,"href":"https:\/\/www.ilmercoledi.news\/ilmercoledi\/news\/wp-json\/wp\/v2\/comments?post=12850"}],"version-history":[{"count":1,"href":"https:\/\/www.ilmercoledi.news\/ilmercoledi\/news\/wp-json\/wp\/v2\/posts\/12850\/revisions"}],"predecessor-version":[{"id":12851,"href":"https:\/\/www.ilmercoledi.news\/ilmercoledi\/news\/wp-json\/wp\/v2\/posts\/12850\/revisions\/12851"}],"wp:featuredmedia":[{"embeddable":true,"href":"https:\/\/www.ilmercoledi.news\/ilmercoledi\/news\/wp-json\/wp\/v2\/media\/5220"}],"wp:attachment":[{"href":"https:\/\/www.ilmercoledi.news\/ilmercoledi\/news\/wp-json\/wp\/v2\/media?parent=12850"}],"wp:term":[{"taxonomy":"category","embeddable":true,"href":"https:\/\/www.ilmercoledi.news\/ilmercoledi\/news\/wp-json\/wp\/v2\/categories?post=12850"},{"taxonomy":"post_tag","embeddable":true,"href":"https:\/\/www.ilmercoledi.news\/ilmercoledi\/news\/wp-json\/wp\/v2\/tags?post=12850"},{"taxonomy":"news-destination","embeddable":true,"href":"https:\/\/www.ilmercoledi.news\/ilmercoledi\/news\/wp-json\/wp\/v2\/news-destination?post=12850"},{"taxonomy":"news-source","embeddable":true,"href":"https:\/\/www.ilmercoledi.news\/ilmercoledi\/news\/wp-json\/wp\/v2\/news-source?post=12850"},{"taxonomy":"is_homepage","embeddable":true,"href":"https:\/\/www.ilmercoledi.news\/ilmercoledi\/news\/wp-json\/wp\/v2\/is_homepage?post=12850"},{"taxonomy":"ta_other","embeddable":true,"href":"https:\/\/www.ilmercoledi.news\/ilmercoledi\/news\/wp-json\/wp\/v2\/ta_other?post=12850"}],"curies":[{"name":"wp","href":"https:\/\/api.w.org\/{rel}","templated":true}]}}