{"id":1319,"date":"2018-01-15T07:42:50","date_gmt":"2018-01-15T06:42:50","guid":{"rendered":"http:\/\/euwps02.tecnavia.com\/ilmercoledi\/news\/?p=1319"},"modified":"2018-02-08T07:58:37","modified_gmt":"2018-02-08T06:58:37","slug":"moncalieresi-campioni-solidarieta-le-olive-ascolane-mc-donalds","status":"publish","type":"post","link":"https:\/\/www.ilmercoledi.news\/2018\/01\/15\/moncalieresi-campioni-solidarieta-le-olive-ascolane-mc-donalds\/","title":{"rendered":"I moncalieresi campioni di solidariet\u00e0 con le olive ascolane di Mc Donald&#8217;s"},"content":{"rendered":"<p>\u00c8 il McDonald&#8217;s di Moncalieri ad aggiudicarsi il podio dei ristoranti pi\u00f9 solidali d&#8217;Italia grazie all&#8217;importante contributo dato a Fondazione per l&#8217;Infanzia Ronald McDonald con la vendita delle Olive all&#8217;Ascolana Solidali. L&#8217;iniziativa solidale a sostegno Fondazione per l&#8217;Infanzia Ronald McDonald, che opera in collaborazione con centri pediatrici italiani di eccellenza per sostenere i bambini e le loro famiglie, ha incontrato la generosit\u00e0 di moltissimi italiani che hanno reso possibile la raccolta di ben 493.000 euro in soli due mesi. McDonald&#8217;s infatti ha donato a Fondazione 1 euro per ogni porzione di olive all&#8217;ascolana acquistata negli oltre 560 ristoranti d&#8217;Italia. In questa occasione, i piemontesi, ed in particolar modo i moncalieresi, si sono dimostrati i pi\u00f9 generosi per spirito di solidariet\u00e0. L&#8217;adesione all&#8217;iniziativa che ha coinvolto i clienti del McDonald&#8217;s di Moncalieri, ha fatto registrare, in termini di vendite, la percentuale pi\u00f9 alta di crescita rispetto al 2016: il 124% di confezioni di Olive in pi\u00f9 rispetto all&#8217;edizione precedente.<\/p>\n<p>&#8220;Siamo grati a tutti i nostri clienti per il grande sostegno nei confronti di Fondazione, e in particolar modo a quelli piemontesi per il calore con cui hanno accolto le Olive all&#8217;Ascolana Solidali&#8221; ha commentato Fabio Calabrese, Presidente di Fondazione per l&#8217;Infanzia Ronald McDonald. &#8220;L&#8217;obiettivo che ci eravamo posti al lancio dell&#8217;iniziativa era davvero ambizioso, ed \u00e8 anche grazie alla solidariet\u00e0 di questa Regione che saremo in grado di garantire accoglienza e maggiori servizi alle famiglie che ospitiamo nelle nostre strutture.&#8221;<\/p>\n","protected":false},"excerpt":{"rendered":"","protected":false},"author":11,"featured_media":1320,"comment_status":"open","ping_status":"closed","sticky":false,"template":"","format":"standard","meta":[],"categories":[34],"tags":[],"news-destination":[],"news-source":[],"is_homepage":[],"ta_other":[],"_links":{"self":[{"href":"https:\/\/www.ilmercoledi.news\/ilmercoledi\/news\/wp-json\/wp\/v2\/posts\/1319"}],"collection":[{"href":"https:\/\/www.ilmercoledi.news\/ilmercoledi\/news\/wp-json\/wp\/v2\/posts"}],"about":[{"href":"https:\/\/www.ilmercoledi.news\/ilmercoledi\/news\/wp-json\/wp\/v2\/types\/post"}],"author":[{"embeddable":true,"href":"https:\/\/www.ilmercoledi.news\/ilmercoledi\/news\/wp-json\/wp\/v2\/users\/11"}],"replies":[{"embeddable":true,"href":"https:\/\/www.ilmercoledi.news\/ilmercoledi\/news\/wp-json\/wp\/v2\/comments?post=1319"}],"version-history":[{"count":1,"href":"https:\/\/www.ilmercoledi.news\/ilmercoledi\/news\/wp-json\/wp\/v2\/posts\/1319\/revisions"}],"predecessor-version":[{"id":1321,"href":"https:\/\/www.ilmercoledi.news\/ilmercoledi\/news\/wp-json\/wp\/v2\/posts\/1319\/revisions\/1321"}],"wp:featuredmedia":[{"embeddable":true,"href":"https:\/\/www.ilmercoledi.news\/ilmercoledi\/news\/wp-json\/wp\/v2\/media\/1320"}],"wp:attachment":[{"href":"https:\/\/www.ilmercoledi.news\/ilmercoledi\/news\/wp-json\/wp\/v2\/media?parent=1319"}],"wp:term":[{"taxonomy":"category","embeddable":true,"href":"https:\/\/www.ilmercoledi.news\/ilmercoledi\/news\/wp-json\/wp\/v2\/categories?post=1319"},{"taxonomy":"post_tag","embeddable":true,"href":"https:\/\/www.ilmercoledi.news\/ilmercoledi\/news\/wp-json\/wp\/v2\/tags?post=1319"},{"taxonomy":"news-destination","embeddable":true,"href":"https:\/\/www.ilmercoledi.news\/ilmercoledi\/news\/wp-json\/wp\/v2\/news-destination?post=1319"},{"taxonomy":"news-source","embeddable":true,"href":"https:\/\/www.ilmercoledi.news\/ilmercoledi\/news\/wp-json\/wp\/v2\/news-source?post=1319"},{"taxonomy":"is_homepage","embeddable":true,"href":"https:\/\/www.ilmercoledi.news\/ilmercoledi\/news\/wp-json\/wp\/v2\/is_homepage?post=1319"},{"taxonomy":"ta_other","embeddable":true,"href":"https:\/\/www.ilmercoledi.news\/ilmercoledi\/news\/wp-json\/wp\/v2\/ta_other?post=1319"}],"curies":[{"name":"wp","href":"https:\/\/api.w.org\/{rel}","templated":true}]}}