{"id":13226,"date":"2018-12-03T21:21:52","date_gmt":"2018-12-03T20:21:52","guid":{"rendered":"http:\/\/euwps02.tecnavia.com\/ilmercoledi\/news\/?p=13226"},"modified":"2018-12-03T21:21:55","modified_gmt":"2018-12-03T20:21:55","slug":"moncalieri-parte-il-progetto-promemoria-auschwitz-per-gli-studenti-delle-scuole","status":"publish","type":"post","link":"https:\/\/www.ilmercoledi.news\/2018\/12\/03\/moncalieri-parte-il-progetto-promemoria-auschwitz-per-gli-studenti-delle-scuole\/","title":{"rendered":"MONCALIERI &#8211; Parte il progetto &#8220;Promemoria Auschwitz&#8221;, per gli studenti delle scuole"},"content":{"rendered":"<p>Prende il via \u201cPromemoria-Auschwitz\u201d , il progetto promosso dall\u2019Associazione Deina Torino e dalla Citt\u00e0 di Moncalieri che porter\u00e0, dal 8 al 14 febbraio 2019, quarantasei studenti delle scuole di Moncalieri a visitare i luoghi, come Birkenau e Auschwitz, tristemente noti per le barbarie naziste perpetrate nel secolo scorso. Promemoria Auschwitz \u00e8 un progetto di educazione alla cittadinanza, pensato per accompagnare i giovani alla lettura del nostro passato comune, con l\u2019intento di sostenerli nell\u2019acquisizione di uno spirito critico, necessario per divenire consapevoli protagonisti del loro presente.Oltre all\u2019esperienza del viaggio i quarantasei partecipanti saranno coinvolti in: otto incontri di formazione storica, laboratori di rielaborazione e restituzione dell\u2019esperienza del viaggio alla comunit\u00e0 locale, che culminer\u00e0 con un evento pubblico di sensibilizzazione in prossimit\u00e0 della Festa della Liberazione e in un percorso di impegno civico con la sperimentazione di micro azioni di cittadinanza attiva.<\/p>\n","protected":false},"excerpt":{"rendered":"","protected":false},"author":11,"featured_media":11607,"comment_status":"open","ping_status":"closed","sticky":false,"template":"","format":"standard","meta":[],"categories":[34],"tags":[],"news-destination":[],"news-source":[],"is_homepage":[],"ta_other":[],"_links":{"self":[{"href":"https:\/\/www.ilmercoledi.news\/ilmercoledi\/news\/wp-json\/wp\/v2\/posts\/13226"}],"collection":[{"href":"https:\/\/www.ilmercoledi.news\/ilmercoledi\/news\/wp-json\/wp\/v2\/posts"}],"about":[{"href":"https:\/\/www.ilmercoledi.news\/ilmercoledi\/news\/wp-json\/wp\/v2\/types\/post"}],"author":[{"embeddable":true,"href":"https:\/\/www.ilmercoledi.news\/ilmercoledi\/news\/wp-json\/wp\/v2\/users\/11"}],"replies":[{"embeddable":true,"href":"https:\/\/www.ilmercoledi.news\/ilmercoledi\/news\/wp-json\/wp\/v2\/comments?post=13226"}],"version-history":[{"count":1,"href":"https:\/\/www.ilmercoledi.news\/ilmercoledi\/news\/wp-json\/wp\/v2\/posts\/13226\/revisions"}],"predecessor-version":[{"id":13227,"href":"https:\/\/www.ilmercoledi.news\/ilmercoledi\/news\/wp-json\/wp\/v2\/posts\/13226\/revisions\/13227"}],"wp:featuredmedia":[{"embeddable":true,"href":"https:\/\/www.ilmercoledi.news\/ilmercoledi\/news\/wp-json\/wp\/v2\/media\/11607"}],"wp:attachment":[{"href":"https:\/\/www.ilmercoledi.news\/ilmercoledi\/news\/wp-json\/wp\/v2\/media?parent=13226"}],"wp:term":[{"taxonomy":"category","embeddable":true,"href":"https:\/\/www.ilmercoledi.news\/ilmercoledi\/news\/wp-json\/wp\/v2\/categories?post=13226"},{"taxonomy":"post_tag","embeddable":true,"href":"https:\/\/www.ilmercoledi.news\/ilmercoledi\/news\/wp-json\/wp\/v2\/tags?post=13226"},{"taxonomy":"news-destination","embeddable":true,"href":"https:\/\/www.ilmercoledi.news\/ilmercoledi\/news\/wp-json\/wp\/v2\/news-destination?post=13226"},{"taxonomy":"news-source","embeddable":true,"href":"https:\/\/www.ilmercoledi.news\/ilmercoledi\/news\/wp-json\/wp\/v2\/news-source?post=13226"},{"taxonomy":"is_homepage","embeddable":true,"href":"https:\/\/www.ilmercoledi.news\/ilmercoledi\/news\/wp-json\/wp\/v2\/is_homepage?post=13226"},{"taxonomy":"ta_other","embeddable":true,"href":"https:\/\/www.ilmercoledi.news\/ilmercoledi\/news\/wp-json\/wp\/v2\/ta_other?post=13226"}],"curies":[{"name":"wp","href":"https:\/\/api.w.org\/{rel}","templated":true}]}}