{"id":13495,"date":"2018-12-11T15:39:41","date_gmt":"2018-12-11T14:39:41","guid":{"rendered":"http:\/\/euwps02.tecnavia.com\/ilmercoledi\/news\/?p=13495"},"modified":"2018-12-11T15:39:43","modified_gmt":"2018-12-11T14:39:43","slug":"poste-chiuse-a-trofarello-per-ristrutturazione-ma-ce-lufficio-mobile-la-sede-rinnovata-riaprira-il-17-gennaio","status":"publish","type":"post","link":"https:\/\/www.ilmercoledi.news\/2018\/12\/11\/poste-chiuse-a-trofarello-per-ristrutturazione-ma-ce-lufficio-mobile-la-sede-rinnovata-riaprira-il-17-gennaio\/","title":{"rendered":"Poste chiuse a Trofarello per ristrutturazione, ma c&#8217;\u00e8 l&#8217;ufficio mobile. La sede rinnovata riaprir\u00e0 il 17 gennaio"},"content":{"rendered":"<p>Code all&#8217;aperto all&#8217;ufficio postale di Trofarello. Da luned\u00ec gli sportelli della sede di via Don Masera sono chiusi per lavori di ristrutturazione. Al loro posto, accanto alla sede postale \u00e8 stato sistemato un ufficio mobile che fornisce tutti i principali servizi.<\/p>\n<p>Anche il sindaco di Trofarello Gian Franco Visca \u00e8 stato colto di sorpresa dalla situazione e ha chiesto chiarimenti, inseme a un potenziamento dello sportello di Valle Sauglio, normalmente attivo a giorni alterni.<\/p>\n<p>Da Torino spiegano le Poste: &#8220;Fino al 16 gennaio l\u2019ufficio postale di Trofarello sar\u00e0 interessato da lavori di manutenzione finalizzati \u00a0al miglioramento degli standard di accoglienza e di comfort degli ambienti sia lavorativi che per la propria clientela. Nell\u2019ambito delle opere di ristrutturazione \u00e8 prevista la realizzazione di una sala consulenza per i prodotti finanziari, il potenziamento degli impianti di illuminazione e climatizzazione&#8221;. Proseguono da\u00a0Poste Italiane: &#8220;Durante tutto il periodo dei lavori, per garantire la continuit\u00e0 dei servizi ai cittadini, ha predisposto l\u2019installazione di un ufficio postale\u00a0 mobile in prossimit\u00e0 della sede di don Masera, dove sar\u00e0 possibile svolgere tutte le operazioni, compreso\u00a0 il ritiro della corrispondenza ed i pacchi non consegnati per assenza del destinatario&#8221;.<\/p>\n<p>Gli orari di apertura non cambiano:\u00a0dal luned\u00ec al venerd\u00ec dalle 8,20 alle 13,35, il sabato fino alle 12,35.<\/p>\n<p>Per quanto riguarda la\u00a0consulenza finanziaria, &#8220;i clienti interessati potranno rivolgersi presso il vicino ufficio di Moncalieri Centro, in via Vittime di Bologna 22, dov&#8217;\u00e8 stata predisposta una sala apposita per tutto il periodo di chiusura&#8221;.<\/p>\n<p>L\u2019 Ufficio postale di Trofarello riaprir\u00e0 le porte &#8211; nella sede tutta nuova &#8211; gioved\u00ec 17 gennaio secondo il consueto orario.<\/p>\n<p>&nbsp;<\/p>\n<figure id=\"attachment_13497\" style=\"width: 225px\" class=\"wp-caption alignnone\"><img alt=\"Poste chiuse a Trofarello per ristrutturazione, ma c'\u00e8 l'ufficio mobile. La sede rinnovata riaprir\u00e0 il 17 gennaio\" title=\"Poste chiuse a Trofarello per ristrutturazione, ma c'\u00e8 l'ufficio mobile. La sede rinnovata riaprir\u00e0 il 17 gennaio\" loading=\"lazy\" class=\"size-medium wp-image-13497\" src=\"https:\/\/www.ilmercoledi.news\/ilmercoledi\/news\/wp-content\/uploads\/sites\/3\/2018\/12\/trofarello-posta-ufficio-mobile-2-225x300.jpg\" alt=\"\" width=\"225\" height=\"300\" srcset=\"https:\/\/euwps05.newsmemory.com\/ilmercoledi\/news\/wp-content\/uploads\/sites\/3\/2018\/12\/trofarello-posta-ufficio-mobile-2-225x300.jpg 225w, https:\/\/euwps05.newsmemory.com\/ilmercoledi\/news\/wp-content\/uploads\/sites\/3\/2018\/12\/trofarello-posta-ufficio-mobile-2.jpg 567w\" sizes=\"(max-width: 225px) 100vw, 225px\" \/><figcaption class=\"wp-caption-text\">L&#8217;ufficio postale di Trofarello<\/figcaption><\/figure>\n","protected":false},"excerpt":{"rendered":"","protected":false},"author":4,"featured_media":13498,"comment_status":"open","ping_status":"closed","sticky":false,"template":"","format":"standard","meta":[],"categories":[8],"tags":[277,276,278,271,143,120,280,275,274,273,279,55,272],"news-destination":[],"news-source":[],"is_homepage":[],"ta_other":[],"_links":{"self":[{"href":"https:\/\/www.ilmercoledi.news\/ilmercoledi\/news\/wp-json\/wp\/v2\/posts\/13495"}],"collection":[{"href":"https:\/\/www.ilmercoledi.news\/ilmercoledi\/news\/wp-json\/wp\/v2\/posts"}],"about":[{"href":"https:\/\/www.ilmercoledi.news\/ilmercoledi\/news\/wp-json\/wp\/v2\/types\/post"}],"author":[{"embeddable":true,"href":"https:\/\/www.ilmercoledi.news\/ilmercoledi\/news\/wp-json\/wp\/v2\/users\/4"}],"replies":[{"embeddable":true,"href":"https:\/\/www.ilmercoledi.news\/ilmercoledi\/news\/wp-json\/wp\/v2\/comments?post=13495"}],"version-history":[{"count":1,"href":"https:\/\/www.ilmercoledi.news\/ilmercoledi\/news\/wp-json\/wp\/v2\/posts\/13495\/revisions"}],"predecessor-version":[{"id":13502,"href":"https:\/\/www.ilmercoledi.news\/ilmercoledi\/news\/wp-json\/wp\/v2\/posts\/13495\/revisions\/13502"}],"wp:featuredmedia":[{"embeddable":true,"href":"https:\/\/www.ilmercoledi.news\/ilmercoledi\/news\/wp-json\/wp\/v2\/media\/13498"}],"wp:attachment":[{"href":"https:\/\/www.ilmercoledi.news\/ilmercoledi\/news\/wp-json\/wp\/v2\/media?parent=13495"}],"wp:term":[{"taxonomy":"category","embeddable":true,"href":"https:\/\/www.ilmercoledi.news\/ilmercoledi\/news\/wp-json\/wp\/v2\/categories?post=13495"},{"taxonomy":"post_tag","embeddable":true,"href":"https:\/\/www.ilmercoledi.news\/ilmercoledi\/news\/wp-json\/wp\/v2\/tags?post=13495"},{"taxonomy":"news-destination","embeddable":true,"href":"https:\/\/www.ilmercoledi.news\/ilmercoledi\/news\/wp-json\/wp\/v2\/news-destination?post=13495"},{"taxonomy":"news-source","embeddable":true,"href":"https:\/\/www.ilmercoledi.news\/ilmercoledi\/news\/wp-json\/wp\/v2\/news-source?post=13495"},{"taxonomy":"is_homepage","embeddable":true,"href":"https:\/\/www.ilmercoledi.news\/ilmercoledi\/news\/wp-json\/wp\/v2\/is_homepage?post=13495"},{"taxonomy":"ta_other","embeddable":true,"href":"https:\/\/www.ilmercoledi.news\/ilmercoledi\/news\/wp-json\/wp\/v2\/ta_other?post=13495"}],"curies":[{"name":"wp","href":"https:\/\/api.w.org\/{rel}","templated":true}]}}