{"id":13628,"date":"2018-12-14T23:43:09","date_gmt":"2018-12-14T22:43:09","guid":{"rendered":"http:\/\/euwps02.tecnavia.com\/ilmercoledi\/news\/?p=13628"},"modified":"2018-12-14T23:43:12","modified_gmt":"2018-12-14T22:43:12","slug":"moncalieri-e-umberto-prinzi-luomo-trovato-morto-in-collina","status":"publish","type":"post","link":"https:\/\/www.ilmercoledi.news\/2018\/12\/14\/moncalieri-e-umberto-prinzi-luomo-trovato-morto-in-collina\/","title":{"rendered":"MONCALIERI &#8211; E&#8217; Umberto Prinzi l&#8217;uomo trovato morto in collina"},"content":{"rendered":"<p>Si tratta di Umberto Prinzi, 47 anni di Torino, l&#8217;uomo trovato morto questa mattina, 14 dicembre, in collina a Moncalieri. Lui \u00e8 il killer che nel 1995 uccise un transessuale di Torino, Valentina, gettando il cadavere in una scarpata. confess\u00f2 l&#8217;omicidio solo 12 anni dopo e fu condannato a 22 anni di carcere. Era uscito da poco e questa mattina qualcuno l&#8217;ha ucciso. S\u00ec perch\u00e9 la procura indaga per omicidio volontario e i segni trovati sul collo e sulla nuca, che derivano da un trauma irruento, non lascerebbero dubbi. L&#8217;autopsia \u00e8 fissata per luned\u00ec: a quel punto se ne sapr\u00e0 di pi\u00f9. Nessuno dei residenti nelle ville circostanti il luogo del ritrovamento del cadavere dice di aver sentito qualche rumore sospetto. Il corpo \u00e8 stato trovato in Strada Santa Brigida, vicino alla scuola Manzoni, nella boscaglia a lato strada. E&#8217; possibile che qualcuno lo abbia ucciso altrove e poi si sia sbarazzato del corpo in un luogo isolato e buio: come la collina di notte.<\/p>\n","protected":false},"excerpt":{"rendered":"","protected":false},"author":11,"featured_media":13589,"comment_status":"open","ping_status":"closed","sticky":false,"template":"","format":"standard","meta":[],"categories":[34],"tags":[],"news-destination":[],"news-source":[],"is_homepage":[],"ta_other":[],"_links":{"self":[{"href":"https:\/\/www.ilmercoledi.news\/ilmercoledi\/news\/wp-json\/wp\/v2\/posts\/13628"}],"collection":[{"href":"https:\/\/www.ilmercoledi.news\/ilmercoledi\/news\/wp-json\/wp\/v2\/posts"}],"about":[{"href":"https:\/\/www.ilmercoledi.news\/ilmercoledi\/news\/wp-json\/wp\/v2\/types\/post"}],"author":[{"embeddable":true,"href":"https:\/\/www.ilmercoledi.news\/ilmercoledi\/news\/wp-json\/wp\/v2\/users\/11"}],"replies":[{"embeddable":true,"href":"https:\/\/www.ilmercoledi.news\/ilmercoledi\/news\/wp-json\/wp\/v2\/comments?post=13628"}],"version-history":[{"count":1,"href":"https:\/\/www.ilmercoledi.news\/ilmercoledi\/news\/wp-json\/wp\/v2\/posts\/13628\/revisions"}],"predecessor-version":[{"id":13629,"href":"https:\/\/www.ilmercoledi.news\/ilmercoledi\/news\/wp-json\/wp\/v2\/posts\/13628\/revisions\/13629"}],"wp:featuredmedia":[{"embeddable":true,"href":"https:\/\/www.ilmercoledi.news\/ilmercoledi\/news\/wp-json\/wp\/v2\/media\/13589"}],"wp:attachment":[{"href":"https:\/\/www.ilmercoledi.news\/ilmercoledi\/news\/wp-json\/wp\/v2\/media?parent=13628"}],"wp:term":[{"taxonomy":"category","embeddable":true,"href":"https:\/\/www.ilmercoledi.news\/ilmercoledi\/news\/wp-json\/wp\/v2\/categories?post=13628"},{"taxonomy":"post_tag","embeddable":true,"href":"https:\/\/www.ilmercoledi.news\/ilmercoledi\/news\/wp-json\/wp\/v2\/tags?post=13628"},{"taxonomy":"news-destination","embeddable":true,"href":"https:\/\/www.ilmercoledi.news\/ilmercoledi\/news\/wp-json\/wp\/v2\/news-destination?post=13628"},{"taxonomy":"news-source","embeddable":true,"href":"https:\/\/www.ilmercoledi.news\/ilmercoledi\/news\/wp-json\/wp\/v2\/news-source?post=13628"},{"taxonomy":"is_homepage","embeddable":true,"href":"https:\/\/www.ilmercoledi.news\/ilmercoledi\/news\/wp-json\/wp\/v2\/is_homepage?post=13628"},{"taxonomy":"ta_other","embeddable":true,"href":"https:\/\/www.ilmercoledi.news\/ilmercoledi\/news\/wp-json\/wp\/v2\/ta_other?post=13628"}],"curies":[{"name":"wp","href":"https:\/\/api.w.org\/{rel}","templated":true}]}}