{"id":13633,"date":"2018-12-14T23:51:29","date_gmt":"2018-12-14T22:51:29","guid":{"rendered":"http:\/\/euwps02.tecnavia.com\/ilmercoledi\/news\/?p=13633"},"modified":"2018-12-14T23:51:31","modified_gmt":"2018-12-14T22:51:31","slug":"moncalieri-al-pininfarina-la-serata-inaugurale-del-corso-gev","status":"publish","type":"post","link":"https:\/\/www.ilmercoledi.news\/2018\/12\/14\/moncalieri-al-pininfarina-la-serata-inaugurale-del-corso-gev\/","title":{"rendered":"MONCALIERI &#8211; Al Pininfarina la serata inaugurale del corso Gev"},"content":{"rendered":"<p>L\u201911 dicembre ha preso il via il nuovo corso di formazione per le aspiranti Guardie Ecologiche Volontarie, organizzato dal servizio Pianificazione e gestione rete ecologica, aree protette e vigilanza ambientale della Citt\u00e0 metropolitana di Torino. Le lezioni si svolgeranno in pi\u00f9 sedi contemporaneamente: Torino, Pinerolo, Lanzo, Grugliasco, Rivoli, Chivasso, collegate fra loro in modalit\u00e0 Webinar, una procedura predisposta ad hoc dal Csi Piemonte. Alla serata inaugurale svoltasi nella sala congressi dell\u2019Itis Pininfarina a Moncalieri, erano presenti circa 130 aspiranti GEV. Il dirigente del Servizio ha presentato il corso nei suoi aspetti organizzativi principali: i docenti, le materie trattate, gli orari e le sedi, le esercitazioni, i testi di studio, l\u2019esame finale, i tirocini.\u00a0Le lezioni teoriche avranno frequenza bisettimanale, in orario serale, dalle 19 alle 22. Sono previste cinque uscite didattiche sul territorio nelle giornate del sabato e tre mezze giornate di tirocinio al seguito delle GEV\u00a0durante l\u2019attivit\u00e0 di servizio.<\/p>\n","protected":false},"excerpt":{"rendered":"","protected":false},"author":11,"featured_media":13634,"comment_status":"open","ping_status":"closed","sticky":false,"template":"","format":"standard","meta":[],"categories":[34],"tags":[],"news-destination":[],"news-source":[],"is_homepage":[],"ta_other":[],"_links":{"self":[{"href":"https:\/\/www.ilmercoledi.news\/ilmercoledi\/news\/wp-json\/wp\/v2\/posts\/13633"}],"collection":[{"href":"https:\/\/www.ilmercoledi.news\/ilmercoledi\/news\/wp-json\/wp\/v2\/posts"}],"about":[{"href":"https:\/\/www.ilmercoledi.news\/ilmercoledi\/news\/wp-json\/wp\/v2\/types\/post"}],"author":[{"embeddable":true,"href":"https:\/\/www.ilmercoledi.news\/ilmercoledi\/news\/wp-json\/wp\/v2\/users\/11"}],"replies":[{"embeddable":true,"href":"https:\/\/www.ilmercoledi.news\/ilmercoledi\/news\/wp-json\/wp\/v2\/comments?post=13633"}],"version-history":[{"count":1,"href":"https:\/\/www.ilmercoledi.news\/ilmercoledi\/news\/wp-json\/wp\/v2\/posts\/13633\/revisions"}],"predecessor-version":[{"id":13635,"href":"https:\/\/www.ilmercoledi.news\/ilmercoledi\/news\/wp-json\/wp\/v2\/posts\/13633\/revisions\/13635"}],"wp:featuredmedia":[{"embeddable":true,"href":"https:\/\/www.ilmercoledi.news\/ilmercoledi\/news\/wp-json\/wp\/v2\/media\/13634"}],"wp:attachment":[{"href":"https:\/\/www.ilmercoledi.news\/ilmercoledi\/news\/wp-json\/wp\/v2\/media?parent=13633"}],"wp:term":[{"taxonomy":"category","embeddable":true,"href":"https:\/\/www.ilmercoledi.news\/ilmercoledi\/news\/wp-json\/wp\/v2\/categories?post=13633"},{"taxonomy":"post_tag","embeddable":true,"href":"https:\/\/www.ilmercoledi.news\/ilmercoledi\/news\/wp-json\/wp\/v2\/tags?post=13633"},{"taxonomy":"news-destination","embeddable":true,"href":"https:\/\/www.ilmercoledi.news\/ilmercoledi\/news\/wp-json\/wp\/v2\/news-destination?post=13633"},{"taxonomy":"news-source","embeddable":true,"href":"https:\/\/www.ilmercoledi.news\/ilmercoledi\/news\/wp-json\/wp\/v2\/news-source?post=13633"},{"taxonomy":"is_homepage","embeddable":true,"href":"https:\/\/www.ilmercoledi.news\/ilmercoledi\/news\/wp-json\/wp\/v2\/is_homepage?post=13633"},{"taxonomy":"ta_other","embeddable":true,"href":"https:\/\/www.ilmercoledi.news\/ilmercoledi\/news\/wp-json\/wp\/v2\/ta_other?post=13633"}],"curies":[{"name":"wp","href":"https:\/\/api.w.org\/{rel}","templated":true}]}}