{"id":13682,"date":"2018-12-17T19:19:01","date_gmt":"2018-12-17T18:19:01","guid":{"rendered":"http:\/\/euwps02.tecnavia.com\/ilmercoledi\/news\/?p=13682"},"modified":"2018-12-17T19:19:04","modified_gmt":"2018-12-17T18:19:04","slug":"nichelino-parte-liniziativa-servizi-al-lavoro","status":"publish","type":"post","link":"https:\/\/www.ilmercoledi.news\/2018\/12\/17\/nichelino-parte-liniziativa-servizi-al-lavoro\/","title":{"rendered":"NICHELINO &#8211; Parte l&#8217;iniziativa &#8220;Servizi al Lavoro&#8221;"},"content":{"rendered":"<p>Nell&#8217;ambito delle linee programmatiche e delle azioni da attuare nel corso del mandato di governo cittadino (2016-2021), l&#8217;Amministrazione Comunale ha previsto una serie di azioni tra le quali il progetto sperimentale dei \u201cServizi al Lavoro\u201d con le modalit\u00e0 per il reperimento di fondi (europei, regionali, provinciali o provenienti da fondazioni) per favorire l&#8217;occupazione e l&#8217;insieme dei servizi di interazione tra domanda e offerta. \u201cIn funzione di questo obbiettivo fondamentale \u2013 spiega l&#8217;assessore al Lavoro, Fiodor Verzola \u2013 abbiamo definito un bando per l&#8217;affidamento del progetto sperimentale \u201cServizi al Lavoro\u201d, nel biennio 2018\/2020. E&#8217; un passo importante, con prospettive di sviluppo e che pu\u00f2 aprire le porte a diverse opportunit\u00e0 nell&#8217;ambito occupazionale\u201d.\u00a0I compiti dell&#8217;appaltatore saranno molteplici e andranno dall&#8217;individuazione di tutte le fonti di finanziamento alla creazione di servizi e percorsi atti a favorire l&#8217;inserimento lavorativo, fino alla realizzazione di una rete territoriale comprendente i vari attori (enti, associazioni, imprese) al fine di creare un motore di sviluppo e di impulso al mercato del lavoro. \u201cIntendiamo \u2013 aggiunge il sindaco, Giampiero Tolardo \u2013 costruire un sistema che dal reperimento dei fondi giunga al concretizzarsi di opportunit\u00e0 occupazionali. Il lavoro \u00e8 centrale rispetto a qualunque percorso di sviluppo e di crescita della citt\u00e0 e del paese\u201d. Il servizio \u00e8 stato assegnato alla cooperativa sociale \u201cEducazione Progetto\u201d ed \u00e8 gi\u00e0 operativo da alcuni giorni. Il costo dell&#8217;operazione a carico del Comune sar\u00e0, sino al 2020, di 45.000 Euro complessivi.<\/p>\n","protected":false},"excerpt":{"rendered":"","protected":false},"author":11,"featured_media":8255,"comment_status":"open","ping_status":"closed","sticky":false,"template":"","format":"standard","meta":[],"categories":[34],"tags":[],"news-destination":[],"news-source":[],"is_homepage":[],"ta_other":[],"_links":{"self":[{"href":"https:\/\/www.ilmercoledi.news\/ilmercoledi\/news\/wp-json\/wp\/v2\/posts\/13682"}],"collection":[{"href":"https:\/\/www.ilmercoledi.news\/ilmercoledi\/news\/wp-json\/wp\/v2\/posts"}],"about":[{"href":"https:\/\/www.ilmercoledi.news\/ilmercoledi\/news\/wp-json\/wp\/v2\/types\/post"}],"author":[{"embeddable":true,"href":"https:\/\/www.ilmercoledi.news\/ilmercoledi\/news\/wp-json\/wp\/v2\/users\/11"}],"replies":[{"embeddable":true,"href":"https:\/\/www.ilmercoledi.news\/ilmercoledi\/news\/wp-json\/wp\/v2\/comments?post=13682"}],"version-history":[{"count":1,"href":"https:\/\/www.ilmercoledi.news\/ilmercoledi\/news\/wp-json\/wp\/v2\/posts\/13682\/revisions"}],"predecessor-version":[{"id":13683,"href":"https:\/\/www.ilmercoledi.news\/ilmercoledi\/news\/wp-json\/wp\/v2\/posts\/13682\/revisions\/13683"}],"wp:featuredmedia":[{"embeddable":true,"href":"https:\/\/www.ilmercoledi.news\/ilmercoledi\/news\/wp-json\/wp\/v2\/media\/8255"}],"wp:attachment":[{"href":"https:\/\/www.ilmercoledi.news\/ilmercoledi\/news\/wp-json\/wp\/v2\/media?parent=13682"}],"wp:term":[{"taxonomy":"category","embeddable":true,"href":"https:\/\/www.ilmercoledi.news\/ilmercoledi\/news\/wp-json\/wp\/v2\/categories?post=13682"},{"taxonomy":"post_tag","embeddable":true,"href":"https:\/\/www.ilmercoledi.news\/ilmercoledi\/news\/wp-json\/wp\/v2\/tags?post=13682"},{"taxonomy":"news-destination","embeddable":true,"href":"https:\/\/www.ilmercoledi.news\/ilmercoledi\/news\/wp-json\/wp\/v2\/news-destination?post=13682"},{"taxonomy":"news-source","embeddable":true,"href":"https:\/\/www.ilmercoledi.news\/ilmercoledi\/news\/wp-json\/wp\/v2\/news-source?post=13682"},{"taxonomy":"is_homepage","embeddable":true,"href":"https:\/\/www.ilmercoledi.news\/ilmercoledi\/news\/wp-json\/wp\/v2\/is_homepage?post=13682"},{"taxonomy":"ta_other","embeddable":true,"href":"https:\/\/www.ilmercoledi.news\/ilmercoledi\/news\/wp-json\/wp\/v2\/ta_other?post=13682"}],"curies":[{"name":"wp","href":"https:\/\/api.w.org\/{rel}","templated":true}]}}