{"id":1378,"date":"2018-01-16T15:14:14","date_gmt":"2018-01-16T14:14:14","guid":{"rendered":"http:\/\/euwps02.tecnavia.com\/ilmercoledi\/news\/?p=1378"},"modified":"2018-02-08T07:58:37","modified_gmt":"2018-02-08T06:58:37","slug":"laura-pompeo-candidata-dai-collegi-del-pd-zona-sud-alle-prossime-politiche","status":"publish","type":"post","link":"https:\/\/www.ilmercoledi.news\/2018\/01\/16\/laura-pompeo-candidata-dai-collegi-del-pd-zona-sud-alle-prossime-politiche\/","title":{"rendered":"Laura Pompeo candidata dai circoli del Pd in zona sud alle prossime politiche"},"content":{"rendered":"<p>\u00c8 Laura Pompeo, assessora alla Cultura a Moncalieri, il candidato scelto per le prossime elezioni politiche dai circoli PD del collegio 8 Piemonte, Camera di Moncalieri. A dieci giorni dall\u2019appello \u201cUn Sindaco di Collegio per vincere\u201d &#8211; promosso dai segretari del partito a sud di Torino come strumento per affrontare la difficile sfida elettorale e rilanciato da Renzi al Lingotto &#8211; i circoli di Moncalieri, Nichelino, Trofarello, Candiolo, Carmagnola-Lombriasco-Osasio-Pancalieri, La Loggia, Villastellone, Carignano, Santena-Cambiano-Pecetto, Poirino-Isolabella-Pralormo, hanno indicato Pompeo come candidato unico da sottoporre agli organi metropolitano, regionale e nazionale del PD.<\/p>\n<p>Il primo appuntamento gioved\u00ec, quando la candidata in pectore incontrer\u00e0 i segretari che hanno avanzato la proposta.\u00a0 Nata a Moncalieri, 52 anni, Pompeo \u00e8 sposata con un figlio. Nel 2014, per la prima volta si iscrive al PD; si candida al Consiglio Comunale a Moncalieri raccogliendo circa 300 voti. Dal 2015 entra in Giunta con deleghe a Cultura, Turismo, Pari Opportunit\u00e0 e Relazioni Internazionali. \u00c8 Laureata in Lettere Classiche con 110 e lode e dignit\u00e0 di stampa. Si \u00e8 specializzata in Archeologia (Universit\u00e0 di Torino), Museografia (Politecnico di Torino) e in Gestione e Comunicazione dei Beni Culturali (Scuola Normale Superiore di Pisa). \u00c8 stata docente universitaria al Politecnico, presso le Universit\u00e0 di Torino e di Amman e ha scritto articoli e volumi su temi scientifici e di ricerca.<\/p>\n","protected":false},"excerpt":{"rendered":"","protected":false},"author":11,"featured_media":1382,"comment_status":"open","ping_status":"closed","sticky":false,"template":"","format":"standard","meta":[],"categories":[7],"tags":[],"news-destination":[],"news-source":[],"is_homepage":[],"ta_other":[],"_links":{"self":[{"href":"https:\/\/www.ilmercoledi.news\/ilmercoledi\/news\/wp-json\/wp\/v2\/posts\/1378"}],"collection":[{"href":"https:\/\/www.ilmercoledi.news\/ilmercoledi\/news\/wp-json\/wp\/v2\/posts"}],"about":[{"href":"https:\/\/www.ilmercoledi.news\/ilmercoledi\/news\/wp-json\/wp\/v2\/types\/post"}],"author":[{"embeddable":true,"href":"https:\/\/www.ilmercoledi.news\/ilmercoledi\/news\/wp-json\/wp\/v2\/users\/11"}],"replies":[{"embeddable":true,"href":"https:\/\/www.ilmercoledi.news\/ilmercoledi\/news\/wp-json\/wp\/v2\/comments?post=1378"}],"version-history":[{"count":2,"href":"https:\/\/www.ilmercoledi.news\/ilmercoledi\/news\/wp-json\/wp\/v2\/posts\/1378\/revisions"}],"predecessor-version":[{"id":1381,"href":"https:\/\/www.ilmercoledi.news\/ilmercoledi\/news\/wp-json\/wp\/v2\/posts\/1378\/revisions\/1381"}],"wp:featuredmedia":[{"embeddable":true,"href":"https:\/\/www.ilmercoledi.news\/ilmercoledi\/news\/wp-json\/wp\/v2\/media\/1382"}],"wp:attachment":[{"href":"https:\/\/www.ilmercoledi.news\/ilmercoledi\/news\/wp-json\/wp\/v2\/media?parent=1378"}],"wp:term":[{"taxonomy":"category","embeddable":true,"href":"https:\/\/www.ilmercoledi.news\/ilmercoledi\/news\/wp-json\/wp\/v2\/categories?post=1378"},{"taxonomy":"post_tag","embeddable":true,"href":"https:\/\/www.ilmercoledi.news\/ilmercoledi\/news\/wp-json\/wp\/v2\/tags?post=1378"},{"taxonomy":"news-destination","embeddable":true,"href":"https:\/\/www.ilmercoledi.news\/ilmercoledi\/news\/wp-json\/wp\/v2\/news-destination?post=1378"},{"taxonomy":"news-source","embeddable":true,"href":"https:\/\/www.ilmercoledi.news\/ilmercoledi\/news\/wp-json\/wp\/v2\/news-source?post=1378"},{"taxonomy":"is_homepage","embeddable":true,"href":"https:\/\/www.ilmercoledi.news\/ilmercoledi\/news\/wp-json\/wp\/v2\/is_homepage?post=1378"},{"taxonomy":"ta_other","embeddable":true,"href":"https:\/\/www.ilmercoledi.news\/ilmercoledi\/news\/wp-json\/wp\/v2\/ta_other?post=1378"}],"curies":[{"name":"wp","href":"https:\/\/api.w.org\/{rel}","templated":true}]}}