{"id":13795,"date":"2018-12-20T19:07:37","date_gmt":"2018-12-20T18:07:37","guid":{"rendered":"http:\/\/euwps02.tecnavia.com\/ilmercoledi\/news\/?p=13795"},"modified":"2018-12-21T08:15:22","modified_gmt":"2018-12-21T07:15:22","slug":"nichelino-campagna-contro-la-mancata-raccolta-delle-deiezioni-canine","status":"publish","type":"post","link":"https:\/\/www.ilmercoledi.news\/2018\/12\/20\/nichelino-campagna-contro-la-mancata-raccolta-delle-deiezioni-canine\/","title":{"rendered":"NICHELINO &#8211; Campagna contro la mancata raccolta delle deiezioni canine"},"content":{"rendered":"<p>Il Comune di Nichelino lancia una campagna per un gesto di civilt\u00e0 a favore della propria citt\u00e0: la raccolta delle deiezioni rilasciate per strada dal proprio cane. &#8220;Una citt\u00e0 pulita \u00e8 una citt\u00e0 migliore per tutti &#8211; dice l&#8217;assessore alle Politiche animaliste\u00a0Fiodor Verzola\u00a0&#8211; Con questa campagna vogliamo sensibilizzare le persone e facciamo appello al senso civico dei cittadini. Ricordo che per chi non rispetta il regolamento, ci sono le multe. Un nucleo della polizia municipale si occupa di fare i controlli, e nell&#8217;ultimo anno sono state comminate diverse sanzioni&#8221;.<\/p>\n","protected":false},"excerpt":{"rendered":"","protected":false},"author":11,"featured_media":1164,"comment_status":"open","ping_status":"closed","sticky":false,"template":"","format":"standard","meta":[],"categories":[34],"tags":[],"news-destination":[],"news-source":[],"is_homepage":[],"ta_other":[],"_links":{"self":[{"href":"https:\/\/www.ilmercoledi.news\/ilmercoledi\/news\/wp-json\/wp\/v2\/posts\/13795"}],"collection":[{"href":"https:\/\/www.ilmercoledi.news\/ilmercoledi\/news\/wp-json\/wp\/v2\/posts"}],"about":[{"href":"https:\/\/www.ilmercoledi.news\/ilmercoledi\/news\/wp-json\/wp\/v2\/types\/post"}],"author":[{"embeddable":true,"href":"https:\/\/www.ilmercoledi.news\/ilmercoledi\/news\/wp-json\/wp\/v2\/users\/11"}],"replies":[{"embeddable":true,"href":"https:\/\/www.ilmercoledi.news\/ilmercoledi\/news\/wp-json\/wp\/v2\/comments?post=13795"}],"version-history":[{"count":1,"href":"https:\/\/www.ilmercoledi.news\/ilmercoledi\/news\/wp-json\/wp\/v2\/posts\/13795\/revisions"}],"predecessor-version":[{"id":13796,"href":"https:\/\/www.ilmercoledi.news\/ilmercoledi\/news\/wp-json\/wp\/v2\/posts\/13795\/revisions\/13796"}],"wp:featuredmedia":[{"embeddable":true,"href":"https:\/\/www.ilmercoledi.news\/ilmercoledi\/news\/wp-json\/wp\/v2\/media\/1164"}],"wp:attachment":[{"href":"https:\/\/www.ilmercoledi.news\/ilmercoledi\/news\/wp-json\/wp\/v2\/media?parent=13795"}],"wp:term":[{"taxonomy":"category","embeddable":true,"href":"https:\/\/www.ilmercoledi.news\/ilmercoledi\/news\/wp-json\/wp\/v2\/categories?post=13795"},{"taxonomy":"post_tag","embeddable":true,"href":"https:\/\/www.ilmercoledi.news\/ilmercoledi\/news\/wp-json\/wp\/v2\/tags?post=13795"},{"taxonomy":"news-destination","embeddable":true,"href":"https:\/\/www.ilmercoledi.news\/ilmercoledi\/news\/wp-json\/wp\/v2\/news-destination?post=13795"},{"taxonomy":"news-source","embeddable":true,"href":"https:\/\/www.ilmercoledi.news\/ilmercoledi\/news\/wp-json\/wp\/v2\/news-source?post=13795"},{"taxonomy":"is_homepage","embeddable":true,"href":"https:\/\/www.ilmercoledi.news\/ilmercoledi\/news\/wp-json\/wp\/v2\/is_homepage?post=13795"},{"taxonomy":"ta_other","embeddable":true,"href":"https:\/\/www.ilmercoledi.news\/ilmercoledi\/news\/wp-json\/wp\/v2\/ta_other?post=13795"}],"curies":[{"name":"wp","href":"https:\/\/api.w.org\/{rel}","templated":true}]}}