{"id":13817,"date":"2018-12-21T17:18:35","date_gmt":"2018-12-21T16:18:35","guid":{"rendered":"http:\/\/euwps02.tecnavia.com\/ilmercoledi\/news\/?p=13817"},"modified":"2018-12-21T17:18:38","modified_gmt":"2018-12-21T16:18:38","slug":"nichelino-firmata-la-convenzione-con-il-canile-di-andezeno","status":"publish","type":"post","link":"https:\/\/www.ilmercoledi.news\/2018\/12\/21\/nichelino-firmata-la-convenzione-con-il-canile-di-andezeno\/","title":{"rendered":"NICHELINO &#8211; Firmata la convenzione con il canile di Andezeno"},"content":{"rendered":"<p>E&#8217; stata firmata la nuova convenzione tra il Comune di Nichelino\u00a0e il canile Enpa di Andezeno che avr\u00e0 durata di due anni. Prevede novit\u00e0 importanti. La principale \u00e8 l&#8217;unificazione a carico del canile di tutti i servizi riguardanti cani e gatti randagi (dalla cattura all&#8217;ospitalit\u00e0 nel rifugio). Il canile ospita attualmente una settantina di cani e alcuni gatti, questi ultimi in un\u00a0apposito reparto che si sta attrezzando. La speranza \u00e8 che molti degli ospiti trovino presto una nuova casa. &#8220;Facciamo appello affinch\u00e9 vengano adottati &#8211; spiegano il sindaco\u00a0Giampiero Tolardo\u00a0e l&#8217;assessore alle Politiche animaliste\u00a0Fiodor Verzola\u00a0&#8211; Chi adotta un animale fa del bene a due vite: a quella dell&#8217;adottato e alla propria, che migliora sensibilmente con la presenza di un amico fidato. Il canile deve essere considerato dagli animali un alloggio di passaggio in vista di una nuova vita con una famiglia umana&#8221;.<\/p>\n","protected":false},"excerpt":{"rendered":"","protected":false},"author":11,"featured_media":13818,"comment_status":"open","ping_status":"closed","sticky":false,"template":"","format":"standard","meta":[],"categories":[34],"tags":[],"news-destination":[],"news-source":[],"is_homepage":[],"ta_other":[],"_links":{"self":[{"href":"https:\/\/www.ilmercoledi.news\/ilmercoledi\/news\/wp-json\/wp\/v2\/posts\/13817"}],"collection":[{"href":"https:\/\/www.ilmercoledi.news\/ilmercoledi\/news\/wp-json\/wp\/v2\/posts"}],"about":[{"href":"https:\/\/www.ilmercoledi.news\/ilmercoledi\/news\/wp-json\/wp\/v2\/types\/post"}],"author":[{"embeddable":true,"href":"https:\/\/www.ilmercoledi.news\/ilmercoledi\/news\/wp-json\/wp\/v2\/users\/11"}],"replies":[{"embeddable":true,"href":"https:\/\/www.ilmercoledi.news\/ilmercoledi\/news\/wp-json\/wp\/v2\/comments?post=13817"}],"version-history":[{"count":1,"href":"https:\/\/www.ilmercoledi.news\/ilmercoledi\/news\/wp-json\/wp\/v2\/posts\/13817\/revisions"}],"predecessor-version":[{"id":13819,"href":"https:\/\/www.ilmercoledi.news\/ilmercoledi\/news\/wp-json\/wp\/v2\/posts\/13817\/revisions\/13819"}],"wp:featuredmedia":[{"embeddable":true,"href":"https:\/\/www.ilmercoledi.news\/ilmercoledi\/news\/wp-json\/wp\/v2\/media\/13818"}],"wp:attachment":[{"href":"https:\/\/www.ilmercoledi.news\/ilmercoledi\/news\/wp-json\/wp\/v2\/media?parent=13817"}],"wp:term":[{"taxonomy":"category","embeddable":true,"href":"https:\/\/www.ilmercoledi.news\/ilmercoledi\/news\/wp-json\/wp\/v2\/categories?post=13817"},{"taxonomy":"post_tag","embeddable":true,"href":"https:\/\/www.ilmercoledi.news\/ilmercoledi\/news\/wp-json\/wp\/v2\/tags?post=13817"},{"taxonomy":"news-destination","embeddable":true,"href":"https:\/\/www.ilmercoledi.news\/ilmercoledi\/news\/wp-json\/wp\/v2\/news-destination?post=13817"},{"taxonomy":"news-source","embeddable":true,"href":"https:\/\/www.ilmercoledi.news\/ilmercoledi\/news\/wp-json\/wp\/v2\/news-source?post=13817"},{"taxonomy":"is_homepage","embeddable":true,"href":"https:\/\/www.ilmercoledi.news\/ilmercoledi\/news\/wp-json\/wp\/v2\/is_homepage?post=13817"},{"taxonomy":"ta_other","embeddable":true,"href":"https:\/\/www.ilmercoledi.news\/ilmercoledi\/news\/wp-json\/wp\/v2\/ta_other?post=13817"}],"curies":[{"name":"wp","href":"https:\/\/api.w.org\/{rel}","templated":true}]}}