{"id":1389,"date":"2018-01-16T16:51:20","date_gmt":"2018-01-16T15:51:20","guid":{"rendered":"http:\/\/euwps02.tecnavia.com\/ilmercoledi\/news\/?p=1389"},"modified":"2018-02-08T07:58:37","modified_gmt":"2018-02-08T06:58:37","slug":"due-nichelinesi-protagonisti-al-festival-san-remo","status":"publish","type":"post","link":"https:\/\/www.ilmercoledi.news\/2018\/01\/16\/due-nichelinesi-protagonisti-al-festival-san-remo\/","title":{"rendered":"Due nichelinesi protagonisti al Festival di San Remo"},"content":{"rendered":"<p>Due nichelinesi saranno tra i protagonisti del Festival di Sanremo che andr\u00e0 in scena dal 6 al 10 febbraio. Il fotografo Roberto Troisi, 47 anni, che seguir\u00e0 il Festival per la rivista &#8220;Torino nightlife&#8221; e il fioraio Antonio Russello, 33 anni, che lavora per &#8220;Creazioni Lucantonio Arredatori Floreali&#8221;. Troisi fotografa i cantanti, red carpet e il contorno del Festival da cinque anni, mentre Russello \u00e8 alla terza partecipazione, si occuper\u00e0 di bouquet per le cantanti e di parte degli allestimenti floreali dei locali in cui si svolger\u00e0 la manifestazione, ed \u00e8 arrivato al Festival superando una selezione della scuola &#8220;Pianeta Fiori&#8221; di Chicco Pastorino. Per entrambi \u00e8 una grande soddisfazione, e per Nichelino un onore essere rappresentata da due suoi concittadini alla pi\u00f9 importante manifestazione canora italiana, vista in tutto il mondo.<\/p>\n","protected":false},"excerpt":{"rendered":"","protected":false},"author":11,"featured_media":1390,"comment_status":"open","ping_status":"closed","sticky":false,"template":"","format":"standard","meta":[],"categories":[9],"tags":[],"news-destination":[],"news-source":[],"is_homepage":[],"ta_other":[],"_links":{"self":[{"href":"https:\/\/www.ilmercoledi.news\/ilmercoledi\/news\/wp-json\/wp\/v2\/posts\/1389"}],"collection":[{"href":"https:\/\/www.ilmercoledi.news\/ilmercoledi\/news\/wp-json\/wp\/v2\/posts"}],"about":[{"href":"https:\/\/www.ilmercoledi.news\/ilmercoledi\/news\/wp-json\/wp\/v2\/types\/post"}],"author":[{"embeddable":true,"href":"https:\/\/www.ilmercoledi.news\/ilmercoledi\/news\/wp-json\/wp\/v2\/users\/11"}],"replies":[{"embeddable":true,"href":"https:\/\/www.ilmercoledi.news\/ilmercoledi\/news\/wp-json\/wp\/v2\/comments?post=1389"}],"version-history":[{"count":1,"href":"https:\/\/www.ilmercoledi.news\/ilmercoledi\/news\/wp-json\/wp\/v2\/posts\/1389\/revisions"}],"predecessor-version":[{"id":1391,"href":"https:\/\/www.ilmercoledi.news\/ilmercoledi\/news\/wp-json\/wp\/v2\/posts\/1389\/revisions\/1391"}],"wp:featuredmedia":[{"embeddable":true,"href":"https:\/\/www.ilmercoledi.news\/ilmercoledi\/news\/wp-json\/wp\/v2\/media\/1390"}],"wp:attachment":[{"href":"https:\/\/www.ilmercoledi.news\/ilmercoledi\/news\/wp-json\/wp\/v2\/media?parent=1389"}],"wp:term":[{"taxonomy":"category","embeddable":true,"href":"https:\/\/www.ilmercoledi.news\/ilmercoledi\/news\/wp-json\/wp\/v2\/categories?post=1389"},{"taxonomy":"post_tag","embeddable":true,"href":"https:\/\/www.ilmercoledi.news\/ilmercoledi\/news\/wp-json\/wp\/v2\/tags?post=1389"},{"taxonomy":"news-destination","embeddable":true,"href":"https:\/\/www.ilmercoledi.news\/ilmercoledi\/news\/wp-json\/wp\/v2\/news-destination?post=1389"},{"taxonomy":"news-source","embeddable":true,"href":"https:\/\/www.ilmercoledi.news\/ilmercoledi\/news\/wp-json\/wp\/v2\/news-source?post=1389"},{"taxonomy":"is_homepage","embeddable":true,"href":"https:\/\/www.ilmercoledi.news\/ilmercoledi\/news\/wp-json\/wp\/v2\/is_homepage?post=1389"},{"taxonomy":"ta_other","embeddable":true,"href":"https:\/\/www.ilmercoledi.news\/ilmercoledi\/news\/wp-json\/wp\/v2\/ta_other?post=1389"}],"curies":[{"name":"wp","href":"https:\/\/api.w.org\/{rel}","templated":true}]}}