{"id":14007,"date":"2018-12-28T19:31:45","date_gmt":"2018-12-28T18:31:45","guid":{"rendered":"http:\/\/euwps02.tecnavia.com\/ilmercoledi\/news\/?p=14007"},"modified":"2018-12-28T19:31:47","modified_gmt":"2018-12-28T18:31:47","slug":"a-la-loggia-la-biblioteca-e-tutta-delle-donne","status":"publish","type":"post","link":"https:\/\/www.ilmercoledi.news\/2018\/12\/28\/a-la-loggia-la-biblioteca-e-tutta-delle-donne\/","title":{"rendered":"A La Loggia la biblioteca \u00e8 tutta delle donne"},"content":{"rendered":"<p>LA LOGGIA &#8211; La lettura \u00e8 monopolio delle donne a La Loggia e l&#8217;et\u00e0 media delle pi\u00f9 assidue frequentatrici della biblioteca cittadina \u00e8 quella compresa tra i 40 e i 50 anni. Dati alla mano, per il secondo anno consecutivo i numeri di un anno di attivit\u00e0 al polo culturale di via Bistolfi sviscerano in prima battuta questo dato, ovvero che dei 1329 tesserati la \u00abquota rosa\u00bb \u00e8 forte di 826 unit\u00e0; ben pi\u00f9 alta di quella palesata dai maschietti, che risultano essere \u00abappena\u00bb 503.<\/p>\n<p>Servizio completo sull\u2019edizione in edicola il 3 gennaio<\/p>\n","protected":false},"excerpt":{"rendered":"","protected":false},"author":10,"featured_media":14008,"comment_status":"open","ping_status":"closed","sticky":false,"template":"","format":"standard","meta":[],"categories":[34],"tags":[],"news-destination":[],"news-source":[],"is_homepage":[],"ta_other":[],"_links":{"self":[{"href":"https:\/\/www.ilmercoledi.news\/ilmercoledi\/news\/wp-json\/wp\/v2\/posts\/14007"}],"collection":[{"href":"https:\/\/www.ilmercoledi.news\/ilmercoledi\/news\/wp-json\/wp\/v2\/posts"}],"about":[{"href":"https:\/\/www.ilmercoledi.news\/ilmercoledi\/news\/wp-json\/wp\/v2\/types\/post"}],"author":[{"embeddable":true,"href":"https:\/\/www.ilmercoledi.news\/ilmercoledi\/news\/wp-json\/wp\/v2\/users\/10"}],"replies":[{"embeddable":true,"href":"https:\/\/www.ilmercoledi.news\/ilmercoledi\/news\/wp-json\/wp\/v2\/comments?post=14007"}],"version-history":[{"count":1,"href":"https:\/\/www.ilmercoledi.news\/ilmercoledi\/news\/wp-json\/wp\/v2\/posts\/14007\/revisions"}],"predecessor-version":[{"id":14009,"href":"https:\/\/www.ilmercoledi.news\/ilmercoledi\/news\/wp-json\/wp\/v2\/posts\/14007\/revisions\/14009"}],"wp:featuredmedia":[{"embeddable":true,"href":"https:\/\/www.ilmercoledi.news\/ilmercoledi\/news\/wp-json\/wp\/v2\/media\/14008"}],"wp:attachment":[{"href":"https:\/\/www.ilmercoledi.news\/ilmercoledi\/news\/wp-json\/wp\/v2\/media?parent=14007"}],"wp:term":[{"taxonomy":"category","embeddable":true,"href":"https:\/\/www.ilmercoledi.news\/ilmercoledi\/news\/wp-json\/wp\/v2\/categories?post=14007"},{"taxonomy":"post_tag","embeddable":true,"href":"https:\/\/www.ilmercoledi.news\/ilmercoledi\/news\/wp-json\/wp\/v2\/tags?post=14007"},{"taxonomy":"news-destination","embeddable":true,"href":"https:\/\/www.ilmercoledi.news\/ilmercoledi\/news\/wp-json\/wp\/v2\/news-destination?post=14007"},{"taxonomy":"news-source","embeddable":true,"href":"https:\/\/www.ilmercoledi.news\/ilmercoledi\/news\/wp-json\/wp\/v2\/news-source?post=14007"},{"taxonomy":"is_homepage","embeddable":true,"href":"https:\/\/www.ilmercoledi.news\/ilmercoledi\/news\/wp-json\/wp\/v2\/is_homepage?post=14007"},{"taxonomy":"ta_other","embeddable":true,"href":"https:\/\/www.ilmercoledi.news\/ilmercoledi\/news\/wp-json\/wp\/v2\/ta_other?post=14007"}],"curies":[{"name":"wp","href":"https:\/\/api.w.org\/{rel}","templated":true}]}}