{"id":1404,"date":"2018-01-17T08:13:32","date_gmt":"2018-01-17T07:13:32","guid":{"rendered":"http:\/\/euwps02.tecnavia.com\/ilmercoledi\/news\/?p=1404"},"modified":"2018-02-08T07:58:37","modified_gmt":"2018-02-08T06:58:37","slug":"la-croce-verde-vinovo-allincontro-nazionale-delle-pubbliche-assistenze","status":"publish","type":"post","link":"https:\/\/www.ilmercoledi.news\/2018\/01\/17\/la-croce-verde-vinovo-allincontro-nazionale-delle-pubbliche-assistenze\/","title":{"rendered":"La Croce Verde di Vinovo all&#8217;incontro nazionale delle pubbliche assistenze"},"content":{"rendered":"<p>Si \u00e8 svolto il 14 gennaio a Firenze, presso il teatro Obihall, \u201c<b>Cuore al Centro<\/b>\u201d, l\u2019incontro nazionale dei volontari delle Pubbliche Assistenze.<\/p>\n<p>Presenti migliaia di volontari delle Pubbliche Assistenze Anpas intervenuti in Centro Italia in seguito alle emergenze sisma 2016-2017. In occasione dell\u2019incontro sono stai consegnati gli attestati alle Associazioni e ai volontari che hanno operato nell\u2019ambito della colonna nazionale, tra cui la Croce Verde di Vinovo.<\/p>\n<p>L&#8217;intervento in Centro Italia ha visto la partecipazione complessiva di 2.771 volontari appartenenti a 394 pubbliche assistenze Anpas. Un impegno che dal soccorso all&#8217;assistenza \u00e8 durato sei mesi. \u00ab\u00c8 bellissimo vedervi qui tutti insieme, da tutta Italia e riabbracciarvi\u00bb ha dichiarato\u00a0<b>Fabrizio Pregliasco<\/b>, presidente Anpas.<\/p>\n<p><b>Roberto Giarola<\/b>\u00a0del Dipartimento Protezione Civile: \u00ab<i>Grazie a tutti gli amici di Anpas. Al ringraziamento del Capo Dipartimento Angelo Borrelli aggiungo un pensiero: quanta strada \u00e8 stata fatta nel nostro Paese per consolidare e migliorare il sistema di protezione civile e la vostra presenza \u00e8 il segno di questa strada. Un sistema che \u00e8 cresciuto tanto nell\u2019attenzione e nella cura. La riforma di Protezione civile non volevamo farla da soli: abbiamo cercato di creare il senso del valore dell\u2019attivit\u00e0 e del vostro impegno e se abbiamo fatto questa strada \u00e8 perch\u00e9 non contano i volontari in generale, contano le persone che stanno dentro quelle divise, contate voi e se non ci foste voi non sarebbe la stessa cosa<\/i>\u00bb.<\/p>\n<p>Anpas Comitato Regionale del Piemonte ha inviato, per la missione in centro Italia, 195 volontari operativi, a seconda delle specializzazioni e necessit\u00e0, nei territori di Amatrice, Foligno, Norcia, Macerata, Tolentino. I volontari sono stati impiegati anche in supporto alla popolazione per interventi di protezione civile e di assistenza sanitaria.\u00a0 I volontari Anpas del Piemonte hanno prestato inoltre servizio presso la Sala operativa nazionale di Protezione civile e si sono resi disponibili per le attivit\u00e0 quali il ripristino e la manutenzione delle attrezzature e dei materiali e rientrati.<\/p>\n<p>Durante la manifestazione \u201cCuore al Centro\u201d si \u00e8 assistito inoltre alle premiazioni del secondo torneo nazionale Anpas di massaggio cardiaco, svoltosi lo scorso ottobre al Salone dell&#8217;Emergenza Reas a Montichiari. Primi in classifica, nella graduatoria a squadre,\u00a0<b>Luca Ortu<\/b>,\u00a0<b>Simone Valorso<\/b>\u00a0e\u00a0<b>Valeria Sordo<\/b>\u00a0della\u00a0<b>Croce Bianca di Fossano<\/b>. La volontaria\u00a0<b>Valeria Sordo<\/b>\u00a0\u00e8 risultata prima in classifica anche nella graduatoria individuale.<\/p>\n<p>L&#8217;evento ha visto anche il concerto del\u00a0<b>Coro della Martinella<\/b>\u00a0che, con canti della montagna ha creato l&#8217;atmosfera ideale per presentare il progetto\u00a0<b>Casa della Montagna di Amatrice<\/b>, che vede coinvolti Anpas e CAI nel creare una struttura che abbia valenza sul territorio, un presidio funzionale per il volontariato ma anche per gli amanti della montagna. Anpas ha cofinanziato con il Cai la realizzazione della casa della montagna raccogliendo al momento\u00a0<b>459.140 euro<\/b>. Durante la presentazione del progetto anche la firma del protocollo di intesa tra Anpas e Cai. Insieme al ricordo alle vittime della sequenza sismica dello scorso anno, Anpas ha ricordato\u00a0<b>Alessandro Moni<\/b>\u00a0e\u00a0<b>Marco Mucciarelli<\/b>, due persone che hanno dato un contribuito importante allo sviluppo del volontariato di protezione civile.\u00a0 Al termine dell&#8217;evento, si \u00e8 tenuta l&#8217;inaugurazione dei nuovi mezzi della Colonna di Protezione Civile Anpas (acquistati col contributo del Dipartimento di Protezione Civile)<\/p>\n","protected":false},"excerpt":{"rendered":"","protected":false},"author":11,"featured_media":1405,"comment_status":"open","ping_status":"closed","sticky":false,"template":"","format":"standard","meta":[],"categories":[34],"tags":[],"news-destination":[],"news-source":[],"is_homepage":[],"ta_other":[],"_links":{"self":[{"href":"https:\/\/www.ilmercoledi.news\/ilmercoledi\/news\/wp-json\/wp\/v2\/posts\/1404"}],"collection":[{"href":"https:\/\/www.ilmercoledi.news\/ilmercoledi\/news\/wp-json\/wp\/v2\/posts"}],"about":[{"href":"https:\/\/www.ilmercoledi.news\/ilmercoledi\/news\/wp-json\/wp\/v2\/types\/post"}],"author":[{"embeddable":true,"href":"https:\/\/www.ilmercoledi.news\/ilmercoledi\/news\/wp-json\/wp\/v2\/users\/11"}],"replies":[{"embeddable":true,"href":"https:\/\/www.ilmercoledi.news\/ilmercoledi\/news\/wp-json\/wp\/v2\/comments?post=1404"}],"version-history":[{"count":1,"href":"https:\/\/www.ilmercoledi.news\/ilmercoledi\/news\/wp-json\/wp\/v2\/posts\/1404\/revisions"}],"predecessor-version":[{"id":1406,"href":"https:\/\/www.ilmercoledi.news\/ilmercoledi\/news\/wp-json\/wp\/v2\/posts\/1404\/revisions\/1406"}],"wp:featuredmedia":[{"embeddable":true,"href":"https:\/\/www.ilmercoledi.news\/ilmercoledi\/news\/wp-json\/wp\/v2\/media\/1405"}],"wp:attachment":[{"href":"https:\/\/www.ilmercoledi.news\/ilmercoledi\/news\/wp-json\/wp\/v2\/media?parent=1404"}],"wp:term":[{"taxonomy":"category","embeddable":true,"href":"https:\/\/www.ilmercoledi.news\/ilmercoledi\/news\/wp-json\/wp\/v2\/categories?post=1404"},{"taxonomy":"post_tag","embeddable":true,"href":"https:\/\/www.ilmercoledi.news\/ilmercoledi\/news\/wp-json\/wp\/v2\/tags?post=1404"},{"taxonomy":"news-destination","embeddable":true,"href":"https:\/\/www.ilmercoledi.news\/ilmercoledi\/news\/wp-json\/wp\/v2\/news-destination?post=1404"},{"taxonomy":"news-source","embeddable":true,"href":"https:\/\/www.ilmercoledi.news\/ilmercoledi\/news\/wp-json\/wp\/v2\/news-source?post=1404"},{"taxonomy":"is_homepage","embeddable":true,"href":"https:\/\/www.ilmercoledi.news\/ilmercoledi\/news\/wp-json\/wp\/v2\/is_homepage?post=1404"},{"taxonomy":"ta_other","embeddable":true,"href":"https:\/\/www.ilmercoledi.news\/ilmercoledi\/news\/wp-json\/wp\/v2\/ta_other?post=1404"}],"curies":[{"name":"wp","href":"https:\/\/api.w.org\/{rel}","templated":true}]}}