{"id":14045,"date":"2018-12-29T13:03:53","date_gmt":"2018-12-29T12:03:53","guid":{"rendered":"http:\/\/euwps02.tecnavia.com\/ilmercoledi\/news\/?p=14045"},"modified":"2018-12-29T13:03:56","modified_gmt":"2018-12-29T12:03:56","slug":"fino-al-1febbraio-una-mostra-a-palazzo-lascaris-con-dipinti-acquerelli-e-disegni","status":"publish","type":"post","link":"https:\/\/www.ilmercoledi.news\/2018\/12\/29\/fino-al-1febbraio-una-mostra-a-palazzo-lascaris-con-dipinti-acquerelli-e-disegni\/","title":{"rendered":"Fino al 1\u00b0febbraio una mostra a Palazzo Lascaris con dipinti, acquerelli e disegni"},"content":{"rendered":"<p>Proseguir\u00e0 fino al primo di febbraio l&#8217;\u201cOmaggio a Gonin. Enrico e Francesco, artisti piemontesi dell\u2019Ottocento\u201d, la mostra dedicata ai due fratelli pittori in esposizione a Palazzo Lascaris (via Alfieri 15 a Torino).La mostra \u00e8 organizzata dal Consiglio regionale insieme all\u2019associazione Pics di Giaveno (Proprietari immobili del centro storico).La mostra e il catalogo sono curati da Arabella Cifani e Franco Monetti. Sar\u00e0 visitabile con ingresso gratuito dal luned\u00ec al venerd\u00ec dalle 9 alle 17.<\/p>\n","protected":false},"excerpt":{"rendered":"","protected":false},"author":4,"featured_media":14046,"comment_status":"open","ping_status":"closed","sticky":false,"template":"","format":"standard","meta":[],"categories":[9],"tags":[],"news-destination":[],"news-source":[],"is_homepage":[],"ta_other":[],"_links":{"self":[{"href":"https:\/\/www.ilmercoledi.news\/ilmercoledi\/news\/wp-json\/wp\/v2\/posts\/14045"}],"collection":[{"href":"https:\/\/www.ilmercoledi.news\/ilmercoledi\/news\/wp-json\/wp\/v2\/posts"}],"about":[{"href":"https:\/\/www.ilmercoledi.news\/ilmercoledi\/news\/wp-json\/wp\/v2\/types\/post"}],"author":[{"embeddable":true,"href":"https:\/\/www.ilmercoledi.news\/ilmercoledi\/news\/wp-json\/wp\/v2\/users\/4"}],"replies":[{"embeddable":true,"href":"https:\/\/www.ilmercoledi.news\/ilmercoledi\/news\/wp-json\/wp\/v2\/comments?post=14045"}],"version-history":[{"count":1,"href":"https:\/\/www.ilmercoledi.news\/ilmercoledi\/news\/wp-json\/wp\/v2\/posts\/14045\/revisions"}],"predecessor-version":[{"id":14047,"href":"https:\/\/www.ilmercoledi.news\/ilmercoledi\/news\/wp-json\/wp\/v2\/posts\/14045\/revisions\/14047"}],"wp:featuredmedia":[{"embeddable":true,"href":"https:\/\/www.ilmercoledi.news\/ilmercoledi\/news\/wp-json\/wp\/v2\/media\/14046"}],"wp:attachment":[{"href":"https:\/\/www.ilmercoledi.news\/ilmercoledi\/news\/wp-json\/wp\/v2\/media?parent=14045"}],"wp:term":[{"taxonomy":"category","embeddable":true,"href":"https:\/\/www.ilmercoledi.news\/ilmercoledi\/news\/wp-json\/wp\/v2\/categories?post=14045"},{"taxonomy":"post_tag","embeddable":true,"href":"https:\/\/www.ilmercoledi.news\/ilmercoledi\/news\/wp-json\/wp\/v2\/tags?post=14045"},{"taxonomy":"news-destination","embeddable":true,"href":"https:\/\/www.ilmercoledi.news\/ilmercoledi\/news\/wp-json\/wp\/v2\/news-destination?post=14045"},{"taxonomy":"news-source","embeddable":true,"href":"https:\/\/www.ilmercoledi.news\/ilmercoledi\/news\/wp-json\/wp\/v2\/news-source?post=14045"},{"taxonomy":"is_homepage","embeddable":true,"href":"https:\/\/www.ilmercoledi.news\/ilmercoledi\/news\/wp-json\/wp\/v2\/is_homepage?post=14045"},{"taxonomy":"ta_other","embeddable":true,"href":"https:\/\/www.ilmercoledi.news\/ilmercoledi\/news\/wp-json\/wp\/v2\/ta_other?post=14045"}],"curies":[{"name":"wp","href":"https:\/\/api.w.org\/{rel}","templated":true}]}}