{"id":14183,"date":"2019-01-04T07:54:47","date_gmt":"2019-01-04T06:54:47","guid":{"rendered":"http:\/\/euwps02.tecnavia.com\/ilmercoledi\/news\/?p=14183"},"modified":"2019-01-04T07:54:50","modified_gmt":"2019-01-04T06:54:50","slug":"sicurezza-montaruli-e-marrone-fdi-indennita-agli-agenti-di-polizia-stradale","status":"publish","type":"post","link":"https:\/\/www.ilmercoledi.news\/2019\/01\/04\/sicurezza-montaruli-e-marrone-fdi-indennita-agli-agenti-di-polizia-stradale\/","title":{"rendered":"SICUREZZA &#8211; Montaruli e Marrone (FdI): &#8220;Indennit\u00e0 agli agenti di polizia stradale&#8221;"},"content":{"rendered":"<p>\u201cDa sedici mesi gli agenti di polizia attendono la loro indennit\u00e0 di specialit\u00e0, \u00e8 troppo tempo per chi garantisce con professionalit\u00e0 la nostra sicurezza sulle strade.\u201d Dichiara Augusta Montaruli &#8211; Deputato di FdI. \u201c Siamo certi che la vicinanza alla divisa di questo governo non sia questione di selfie ma di sostanza per questo confidiamo che il nostro appello unitamente a quello del SIAP ricordi la necessit\u00e0 di onorare il lavoro di tanti agenti specializzati\u201d. Maurizio Marrone, dirigente nazionale FDI aggiunge \u201cSorprende che tra gli ultimi 16 mesi trascorsi senza il pagamento di indennit\u00e0 speciale al personale di Polizia impegnato sulle strade, la met\u00e0 vedano il governo giallo verde gi\u00e0 al comando: ci aspettavamo una discontinuit\u00e0 dalle politiche del centrosinistra, che per ora \u00e8 rimasta solo negli slogan\u201d.<\/p>\n","protected":false},"excerpt":{"rendered":"","protected":false},"author":11,"featured_media":2121,"comment_status":"open","ping_status":"closed","sticky":false,"template":"","format":"standard","meta":[],"categories":[7],"tags":[],"news-destination":[],"news-source":[],"is_homepage":[],"ta_other":[],"_links":{"self":[{"href":"https:\/\/www.ilmercoledi.news\/ilmercoledi\/news\/wp-json\/wp\/v2\/posts\/14183"}],"collection":[{"href":"https:\/\/www.ilmercoledi.news\/ilmercoledi\/news\/wp-json\/wp\/v2\/posts"}],"about":[{"href":"https:\/\/www.ilmercoledi.news\/ilmercoledi\/news\/wp-json\/wp\/v2\/types\/post"}],"author":[{"embeddable":true,"href":"https:\/\/www.ilmercoledi.news\/ilmercoledi\/news\/wp-json\/wp\/v2\/users\/11"}],"replies":[{"embeddable":true,"href":"https:\/\/www.ilmercoledi.news\/ilmercoledi\/news\/wp-json\/wp\/v2\/comments?post=14183"}],"version-history":[{"count":1,"href":"https:\/\/www.ilmercoledi.news\/ilmercoledi\/news\/wp-json\/wp\/v2\/posts\/14183\/revisions"}],"predecessor-version":[{"id":14184,"href":"https:\/\/www.ilmercoledi.news\/ilmercoledi\/news\/wp-json\/wp\/v2\/posts\/14183\/revisions\/14184"}],"wp:featuredmedia":[{"embeddable":true,"href":"https:\/\/www.ilmercoledi.news\/ilmercoledi\/news\/wp-json\/wp\/v2\/media\/2121"}],"wp:attachment":[{"href":"https:\/\/www.ilmercoledi.news\/ilmercoledi\/news\/wp-json\/wp\/v2\/media?parent=14183"}],"wp:term":[{"taxonomy":"category","embeddable":true,"href":"https:\/\/www.ilmercoledi.news\/ilmercoledi\/news\/wp-json\/wp\/v2\/categories?post=14183"},{"taxonomy":"post_tag","embeddable":true,"href":"https:\/\/www.ilmercoledi.news\/ilmercoledi\/news\/wp-json\/wp\/v2\/tags?post=14183"},{"taxonomy":"news-destination","embeddable":true,"href":"https:\/\/www.ilmercoledi.news\/ilmercoledi\/news\/wp-json\/wp\/v2\/news-destination?post=14183"},{"taxonomy":"news-source","embeddable":true,"href":"https:\/\/www.ilmercoledi.news\/ilmercoledi\/news\/wp-json\/wp\/v2\/news-source?post=14183"},{"taxonomy":"is_homepage","embeddable":true,"href":"https:\/\/www.ilmercoledi.news\/ilmercoledi\/news\/wp-json\/wp\/v2\/is_homepage?post=14183"},{"taxonomy":"ta_other","embeddable":true,"href":"https:\/\/www.ilmercoledi.news\/ilmercoledi\/news\/wp-json\/wp\/v2\/ta_other?post=14183"}],"curies":[{"name":"wp","href":"https:\/\/api.w.org\/{rel}","templated":true}]}}