{"id":14197,"date":"2019-01-04T08:17:37","date_gmt":"2019-01-04T07:17:37","guid":{"rendered":"http:\/\/euwps02.tecnavia.com\/ilmercoledi\/news\/?p=14197"},"modified":"2019-01-04T19:58:03","modified_gmt":"2019-01-04T18:58:03","slug":"moncalieri-si-sente-male-in-casa-ma-non-puo-uscire-per-il-parcheggio-selvaggio","status":"publish","type":"post","link":"https:\/\/www.ilmercoledi.news\/2019\/01\/04\/moncalieri-si-sente-male-in-casa-ma-non-puo-uscire-per-il-parcheggio-selvaggio\/","title":{"rendered":"MONCALIERI &#8211; Si sente male in casa ma non pu\u00f2 uscire per il parcheggio selvaggio"},"content":{"rendered":"<p>Brutta avventura per una donna di via Mascagni, a Moncalieri, che due giorni fa ha dovuto chiamare aiuto perch\u00e9 non riusciva ad uscire da casa sua, a causa di una vettura che era stata parcheggiata davanti il suo passo carrabile. Voleva andare in ospedale a farsi controllare per un malessere, ma non ha potuto farlo autonomamente. Fortunatamente poi la sua condizione \u00e8 migliorata e ha potuto aspettare (i comodi) della persona che aveva lasciato l&#8217;auto dove non doveva. Un fatto che mette ancora di pi\u00f9 in evidenza il problema del parcheggio selvaggio in citt\u00e0, piaga che \u00e8 ormai diventata un malcostume ovunque.<\/p>\n","protected":false},"excerpt":{"rendered":"","protected":false},"author":11,"featured_media":1720,"comment_status":"open","ping_status":"closed","sticky":false,"template":"","format":"standard","meta":[],"categories":[34],"tags":[],"news-destination":[],"news-source":[],"is_homepage":[],"ta_other":[],"_links":{"self":[{"href":"https:\/\/www.ilmercoledi.news\/ilmercoledi\/news\/wp-json\/wp\/v2\/posts\/14197"}],"collection":[{"href":"https:\/\/www.ilmercoledi.news\/ilmercoledi\/news\/wp-json\/wp\/v2\/posts"}],"about":[{"href":"https:\/\/www.ilmercoledi.news\/ilmercoledi\/news\/wp-json\/wp\/v2\/types\/post"}],"author":[{"embeddable":true,"href":"https:\/\/www.ilmercoledi.news\/ilmercoledi\/news\/wp-json\/wp\/v2\/users\/11"}],"replies":[{"embeddable":true,"href":"https:\/\/www.ilmercoledi.news\/ilmercoledi\/news\/wp-json\/wp\/v2\/comments?post=14197"}],"version-history":[{"count":1,"href":"https:\/\/www.ilmercoledi.news\/ilmercoledi\/news\/wp-json\/wp\/v2\/posts\/14197\/revisions"}],"predecessor-version":[{"id":14198,"href":"https:\/\/www.ilmercoledi.news\/ilmercoledi\/news\/wp-json\/wp\/v2\/posts\/14197\/revisions\/14198"}],"wp:featuredmedia":[{"embeddable":true,"href":"https:\/\/www.ilmercoledi.news\/ilmercoledi\/news\/wp-json\/wp\/v2\/media\/1720"}],"wp:attachment":[{"href":"https:\/\/www.ilmercoledi.news\/ilmercoledi\/news\/wp-json\/wp\/v2\/media?parent=14197"}],"wp:term":[{"taxonomy":"category","embeddable":true,"href":"https:\/\/www.ilmercoledi.news\/ilmercoledi\/news\/wp-json\/wp\/v2\/categories?post=14197"},{"taxonomy":"post_tag","embeddable":true,"href":"https:\/\/www.ilmercoledi.news\/ilmercoledi\/news\/wp-json\/wp\/v2\/tags?post=14197"},{"taxonomy":"news-destination","embeddable":true,"href":"https:\/\/www.ilmercoledi.news\/ilmercoledi\/news\/wp-json\/wp\/v2\/news-destination?post=14197"},{"taxonomy":"news-source","embeddable":true,"href":"https:\/\/www.ilmercoledi.news\/ilmercoledi\/news\/wp-json\/wp\/v2\/news-source?post=14197"},{"taxonomy":"is_homepage","embeddable":true,"href":"https:\/\/www.ilmercoledi.news\/ilmercoledi\/news\/wp-json\/wp\/v2\/is_homepage?post=14197"},{"taxonomy":"ta_other","embeddable":true,"href":"https:\/\/www.ilmercoledi.news\/ilmercoledi\/news\/wp-json\/wp\/v2\/ta_other?post=14197"}],"curies":[{"name":"wp","href":"https:\/\/api.w.org\/{rel}","templated":true}]}}