{"id":14253,"date":"2019-01-04T20:22:59","date_gmt":"2019-01-04T19:22:59","guid":{"rendered":"http:\/\/euwps02.tecnavia.com\/ilmercoledi\/news\/?p=14253"},"modified":"2019-01-04T20:23:01","modified_gmt":"2019-01-04T19:23:01","slug":"cultura-mostra-su-marylin-monroe-al-museo-del-cinema-di-torino","status":"publish","type":"post","link":"https:\/\/www.ilmercoledi.news\/2019\/01\/04\/cultura-mostra-su-marylin-monroe-al-museo-del-cinema-di-torino\/","title":{"rendered":"CULTURA &#8211; Mostra su Marylin Monroe al Museo del Cinema di Torino"},"content":{"rendered":"<p style=\"margin: 0px;padding: 0px;border: 0px;color: #111111;font-family: Georgia, 'Times New Roman', Times, serif;font-size: 16px;font-style: normal;font-weight: 400;letter-spacing: normal;text-align: justify;text-indent: 0px;background-color: #ffffff\">In occasione delle feste natalizie il Museo del Cinema di Torino rende omaggio alla figura di Marilyn Monroe con un allestimento a cura di Nicoletta Pacini e Tamara Sillo. L\u2019Aula del Tempio si trasforma cos\u00ec in\u00a0<strong>un tributo alla diva per eccellenza<\/strong>\u00a0attraverso l\u2019esposizione di\u00a0<strong>rari cimeli <\/strong>che esaltano il fascino innato di Marilyn.<\/p>\n<p style=\"margin: 0px;padding: 0px;border: 0px;color: #111111;font-family: Georgia, 'Times New Roman', Times, serif;font-size: 16px;font-style: normal;font-weight: 400;letter-spacing: normal;text-align: justify;text-indent: 0px;background-color: #ffffff\">\n<p style=\"margin: 0px;padding: 0px;border: 0px;color: #111111;font-family: Georgia, 'Times New Roman', Times, serif;font-size: 16px;font-style: normal;font-weight: 400;letter-spacing: normal;text-align: justify;text-indent: 0px;background-color: #ffffff\">Tra i vari oggetti esposti ci sono le collezioni del Museo Salvatore Ferragamo con le scarpe originali appartenute all\u2019attrice americana icona di stile e indossate sia in scena che nella vita privata e una spettacolare installazione con la\u00a0d\u00e9collet\u00e9\u00a0tacco 11 in vernice rossa realizzato proprio da Salvatore Ferragamo esclusivamente per lei. C&#8217;\u00e8 tempo fino al 28 gennaio, con questi orari:\u00a0Luned\u00ec dalle 9.00 alle 20.00, Marted\u00ec chiuso, Mercoled\u00ec dalle 9.00 alle 20.00, Gioved\u00ec dalle 9.00 alle 20.00, Venerd\u00ec dalle 9.00 alle 20.00, Sabato dalle 9.00 alle 23.00, Domenica dalle 9.00 alle 20.00. Ultimo ingresso un\u2019ora prima della chiusura.<\/p>\n","protected":false},"excerpt":{"rendered":"","protected":false},"author":11,"featured_media":2956,"comment_status":"open","ping_status":"closed","sticky":false,"template":"","format":"standard","meta":[],"categories":[9],"tags":[],"news-destination":[],"news-source":[],"is_homepage":[],"ta_other":[],"_links":{"self":[{"href":"https:\/\/www.ilmercoledi.news\/ilmercoledi\/news\/wp-json\/wp\/v2\/posts\/14253"}],"collection":[{"href":"https:\/\/www.ilmercoledi.news\/ilmercoledi\/news\/wp-json\/wp\/v2\/posts"}],"about":[{"href":"https:\/\/www.ilmercoledi.news\/ilmercoledi\/news\/wp-json\/wp\/v2\/types\/post"}],"author":[{"embeddable":true,"href":"https:\/\/www.ilmercoledi.news\/ilmercoledi\/news\/wp-json\/wp\/v2\/users\/11"}],"replies":[{"embeddable":true,"href":"https:\/\/www.ilmercoledi.news\/ilmercoledi\/news\/wp-json\/wp\/v2\/comments?post=14253"}],"version-history":[{"count":1,"href":"https:\/\/www.ilmercoledi.news\/ilmercoledi\/news\/wp-json\/wp\/v2\/posts\/14253\/revisions"}],"predecessor-version":[{"id":14254,"href":"https:\/\/www.ilmercoledi.news\/ilmercoledi\/news\/wp-json\/wp\/v2\/posts\/14253\/revisions\/14254"}],"wp:featuredmedia":[{"embeddable":true,"href":"https:\/\/www.ilmercoledi.news\/ilmercoledi\/news\/wp-json\/wp\/v2\/media\/2956"}],"wp:attachment":[{"href":"https:\/\/www.ilmercoledi.news\/ilmercoledi\/news\/wp-json\/wp\/v2\/media?parent=14253"}],"wp:term":[{"taxonomy":"category","embeddable":true,"href":"https:\/\/www.ilmercoledi.news\/ilmercoledi\/news\/wp-json\/wp\/v2\/categories?post=14253"},{"taxonomy":"post_tag","embeddable":true,"href":"https:\/\/www.ilmercoledi.news\/ilmercoledi\/news\/wp-json\/wp\/v2\/tags?post=14253"},{"taxonomy":"news-destination","embeddable":true,"href":"https:\/\/www.ilmercoledi.news\/ilmercoledi\/news\/wp-json\/wp\/v2\/news-destination?post=14253"},{"taxonomy":"news-source","embeddable":true,"href":"https:\/\/www.ilmercoledi.news\/ilmercoledi\/news\/wp-json\/wp\/v2\/news-source?post=14253"},{"taxonomy":"is_homepage","embeddable":true,"href":"https:\/\/www.ilmercoledi.news\/ilmercoledi\/news\/wp-json\/wp\/v2\/is_homepage?post=14253"},{"taxonomy":"ta_other","embeddable":true,"href":"https:\/\/www.ilmercoledi.news\/ilmercoledi\/news\/wp-json\/wp\/v2\/ta_other?post=14253"}],"curies":[{"name":"wp","href":"https:\/\/api.w.org\/{rel}","templated":true}]}}