{"id":14255,"date":"2019-01-04T20:25:38","date_gmt":"2019-01-04T19:25:38","guid":{"rendered":"http:\/\/euwps02.tecnavia.com\/ilmercoledi\/news\/?p=14255"},"modified":"2019-01-04T20:25:40","modified_gmt":"2019-01-04T19:25:40","slug":"cultura-fino-al-21-gennaio-la-mostra-sulla-sindone","status":"publish","type":"post","link":"https:\/\/www.ilmercoledi.news\/2019\/01\/04\/cultura-fino-al-21-gennaio-la-mostra-sulla-sindone\/","title":{"rendered":"CULTURA &#8211; Fino al 21 gennaio la mostra sulla Sindone"},"content":{"rendered":"<p style=\"margin: 0px;padding: 0px;border: 0px;color: #111111;font-family: Georgia, 'Times New Roman', Times, serif;font-size: 16px;font-style: normal;font-weight: 400;letter-spacing: normal;text-align: justify;text-indent: 0px;background-color: #ffffff\">In occasione della\u00a0riapertura dopo 28 anni di restauri della Cappella della Sindone di Torino, magnifica opera di Guarino Guarini,\u00a0Palazzo Madama\u00a0propone fino al 21 gennaio 2019 la mostra dal titolo \u201cLa Sindone e la sua immagine: storia, arte e devozione\u201d, ambientata nella suggestiva corte medievale del castello. Proprio qui, nella parte fatta costruire da Cristina di Francia nel 1636, sulla parete \u00e8 collocato un affresco che raffigura l\u2019Ostensione della Sindone organizzata nel 1642 per celebrare la fine delle ostilit\u00e0 tra la stessa Madama Reale, reggente per il figlio Carlo Emanuele II, il Principe Tommaso e il Cardinale Maurizio, suoi cognati.<\/p>\n<p style=\"margin: 0px;padding: 0px;border: 0px;color: #111111;font-family: Georgia, 'Times New Roman', Times, serif;font-size: 16px;font-style: normal;font-weight: 400;letter-spacing: normal;text-align: justify;text-indent: 0px;background-color: #ffffff\">\n<p style=\"margin: 0px;padding: 0px;border: 0px;color: #111111;font-family: Georgia, 'Times New Roman', Times, serif;font-size: 16px;font-style: normal;font-weight: 400;letter-spacing: normal;text-align: justify;text-indent: 0px;background-color: #ffffff\">Il percorso della mostra illustra\u00a0la storia della Sindone e le diverse funzioni delle immagini\u00a0che l\u2019hanno riprodotta nei cinque secoli, dal 1578, anno in cui il Sacro Lino fu trasferito da Chamb\u00e9ry a Torino per volont\u00e0 di Emanuele Filiberto di Savoia, fino ai nostri giorni. Gli orari: Dal luned\u00ec alla domenica dalle 10.00 alle 18.00 (chiuso il marted\u00ec)<\/p>\n","protected":false},"excerpt":{"rendered":"","protected":false},"author":11,"featured_media":10887,"comment_status":"open","ping_status":"closed","sticky":false,"template":"","format":"standard","meta":[],"categories":[9],"tags":[],"news-destination":[],"news-source":[],"is_homepage":[],"ta_other":[],"_links":{"self":[{"href":"https:\/\/www.ilmercoledi.news\/ilmercoledi\/news\/wp-json\/wp\/v2\/posts\/14255"}],"collection":[{"href":"https:\/\/www.ilmercoledi.news\/ilmercoledi\/news\/wp-json\/wp\/v2\/posts"}],"about":[{"href":"https:\/\/www.ilmercoledi.news\/ilmercoledi\/news\/wp-json\/wp\/v2\/types\/post"}],"author":[{"embeddable":true,"href":"https:\/\/www.ilmercoledi.news\/ilmercoledi\/news\/wp-json\/wp\/v2\/users\/11"}],"replies":[{"embeddable":true,"href":"https:\/\/www.ilmercoledi.news\/ilmercoledi\/news\/wp-json\/wp\/v2\/comments?post=14255"}],"version-history":[{"count":1,"href":"https:\/\/www.ilmercoledi.news\/ilmercoledi\/news\/wp-json\/wp\/v2\/posts\/14255\/revisions"}],"predecessor-version":[{"id":14256,"href":"https:\/\/www.ilmercoledi.news\/ilmercoledi\/news\/wp-json\/wp\/v2\/posts\/14255\/revisions\/14256"}],"wp:featuredmedia":[{"embeddable":true,"href":"https:\/\/www.ilmercoledi.news\/ilmercoledi\/news\/wp-json\/wp\/v2\/media\/10887"}],"wp:attachment":[{"href":"https:\/\/www.ilmercoledi.news\/ilmercoledi\/news\/wp-json\/wp\/v2\/media?parent=14255"}],"wp:term":[{"taxonomy":"category","embeddable":true,"href":"https:\/\/www.ilmercoledi.news\/ilmercoledi\/news\/wp-json\/wp\/v2\/categories?post=14255"},{"taxonomy":"post_tag","embeddable":true,"href":"https:\/\/www.ilmercoledi.news\/ilmercoledi\/news\/wp-json\/wp\/v2\/tags?post=14255"},{"taxonomy":"news-destination","embeddable":true,"href":"https:\/\/www.ilmercoledi.news\/ilmercoledi\/news\/wp-json\/wp\/v2\/news-destination?post=14255"},{"taxonomy":"news-source","embeddable":true,"href":"https:\/\/www.ilmercoledi.news\/ilmercoledi\/news\/wp-json\/wp\/v2\/news-source?post=14255"},{"taxonomy":"is_homepage","embeddable":true,"href":"https:\/\/www.ilmercoledi.news\/ilmercoledi\/news\/wp-json\/wp\/v2\/is_homepage?post=14255"},{"taxonomy":"ta_other","embeddable":true,"href":"https:\/\/www.ilmercoledi.news\/ilmercoledi\/news\/wp-json\/wp\/v2\/ta_other?post=14255"}],"curies":[{"name":"wp","href":"https:\/\/api.w.org\/{rel}","templated":true}]}}