{"id":14263,"date":"2019-01-05T08:07:40","date_gmt":"2019-01-05T07:07:40","guid":{"rendered":"http:\/\/euwps02.tecnavia.com\/ilmercoledi\/news\/?p=14263"},"modified":"2019-01-05T08:07:42","modified_gmt":"2019-01-05T07:07:42","slug":"eventi-epifania-deccezione-al-caffe-bicerin","status":"publish","type":"post","link":"https:\/\/www.ilmercoledi.news\/2019\/01\/05\/eventi-epifania-deccezione-al-caffe-bicerin\/","title":{"rendered":"EVENTI &#8211; Epifania d&#8217;eccezione al caff\u00e8 Bicerin"},"content":{"rendered":"<p>Epifania\u00a0d\u2019eccezione allo storico Caff\u00e8 al Bicerin di Torino che, riprendendo una vecchia tradizione a chiusura delle festivit\u00e0 natalizie, domenica, a partire dalle ore 14.30, offrir\u00e0 alla cittadinanza un\u00a0gianduiotto gigante\u00a0da 5 chili.<\/p>\n<p>Un\u2019iniziativa che chiude simbolicamente i festeggiamenti, svoltisi negli ultimi mesi del 2018, per i\u00a0255 anni\u00a0di attivit\u00e0. Un traguardo straordinario per il locale, affacciato su Piazza della Consolata, di fronte al Santuario, che conserva intatto il suo fascino con un\u2019atmosfera ed un\u2019accoglienza tipica delle\u00a0cioccolaterie ottocentesche.<\/p>\n<p>&nbsp;<\/p>\n","protected":false},"excerpt":{"rendered":"","protected":false},"author":11,"featured_media":14264,"comment_status":"open","ping_status":"closed","sticky":false,"template":"","format":"standard","meta":[],"categories":[9],"tags":[],"news-destination":[],"news-source":[],"is_homepage":[],"ta_other":[],"_links":{"self":[{"href":"https:\/\/www.ilmercoledi.news\/ilmercoledi\/news\/wp-json\/wp\/v2\/posts\/14263"}],"collection":[{"href":"https:\/\/www.ilmercoledi.news\/ilmercoledi\/news\/wp-json\/wp\/v2\/posts"}],"about":[{"href":"https:\/\/www.ilmercoledi.news\/ilmercoledi\/news\/wp-json\/wp\/v2\/types\/post"}],"author":[{"embeddable":true,"href":"https:\/\/www.ilmercoledi.news\/ilmercoledi\/news\/wp-json\/wp\/v2\/users\/11"}],"replies":[{"embeddable":true,"href":"https:\/\/www.ilmercoledi.news\/ilmercoledi\/news\/wp-json\/wp\/v2\/comments?post=14263"}],"version-history":[{"count":1,"href":"https:\/\/www.ilmercoledi.news\/ilmercoledi\/news\/wp-json\/wp\/v2\/posts\/14263\/revisions"}],"predecessor-version":[{"id":14265,"href":"https:\/\/www.ilmercoledi.news\/ilmercoledi\/news\/wp-json\/wp\/v2\/posts\/14263\/revisions\/14265"}],"wp:featuredmedia":[{"embeddable":true,"href":"https:\/\/www.ilmercoledi.news\/ilmercoledi\/news\/wp-json\/wp\/v2\/media\/14264"}],"wp:attachment":[{"href":"https:\/\/www.ilmercoledi.news\/ilmercoledi\/news\/wp-json\/wp\/v2\/media?parent=14263"}],"wp:term":[{"taxonomy":"category","embeddable":true,"href":"https:\/\/www.ilmercoledi.news\/ilmercoledi\/news\/wp-json\/wp\/v2\/categories?post=14263"},{"taxonomy":"post_tag","embeddable":true,"href":"https:\/\/www.ilmercoledi.news\/ilmercoledi\/news\/wp-json\/wp\/v2\/tags?post=14263"},{"taxonomy":"news-destination","embeddable":true,"href":"https:\/\/www.ilmercoledi.news\/ilmercoledi\/news\/wp-json\/wp\/v2\/news-destination?post=14263"},{"taxonomy":"news-source","embeddable":true,"href":"https:\/\/www.ilmercoledi.news\/ilmercoledi\/news\/wp-json\/wp\/v2\/news-source?post=14263"},{"taxonomy":"is_homepage","embeddable":true,"href":"https:\/\/www.ilmercoledi.news\/ilmercoledi\/news\/wp-json\/wp\/v2\/is_homepage?post=14263"},{"taxonomy":"ta_other","embeddable":true,"href":"https:\/\/www.ilmercoledi.news\/ilmercoledi\/news\/wp-json\/wp\/v2\/ta_other?post=14263"}],"curies":[{"name":"wp","href":"https:\/\/api.w.org\/{rel}","templated":true}]}}