{"id":14314,"date":"2019-01-07T12:21:11","date_gmt":"2019-01-07T11:21:11","guid":{"rendered":"http:\/\/euwps02.tecnavia.com\/ilmercoledi\/news\/?p=14314"},"modified":"2019-01-07T12:21:13","modified_gmt":"2019-01-07T11:21:13","slug":"fca-in-calo-la-produzione-italiana","status":"publish","type":"post","link":"https:\/\/www.ilmercoledi.news\/2019\/01\/07\/fca-in-calo-la-produzione-italiana\/","title":{"rendered":"FCA: in calo la produzione italiana"},"content":{"rendered":"<p>La produzione delle fabbriche italiane della FCA nell\u2019anno 2018 ha subito una flessione del 6,8% rispetto al 2017; se si considerano le sole auto (e non i veicoli commerciali), il calo \u00e8 del 10,2%. Secondo i dati pubblicati dalla Fim-Cisl (Federazione Italiana Metalmeccanici aderente alla Confederazione Italiana Sindacati Lavoratori), si tratta del primo rallentamento dopo 5 anni di continua crescita: con 964.533 vetture, la produzione \u00e8 scesa sotto la soglia del milione dopo due anni. Un rallentamento riscontrato in tutti e quattro i trimestri del 2018, con un decisivo peggioramento nell\u2019ultimo trimestre. In controtendenza soltanto lo stabilimento di Sevel, in Val di Sangro, con la produzione di Fiat Professional (+1,7% rispetto al 2017) e lo stabilimento di Melfi (+2,8% rispetto al 2017 con la produzione della Jeep Renegade e della Fiat 500X). Lo stop alle produzioni di Fiat Punto e Alfa Romeo Mito nel terzo trimestre ha contribuito a peggiorare ulteriormente la situazione. Secondo le stime riportate dalla Fim, nell\u2019ultimo periodo si \u00e8 verificato un consistente aumento dell\u2019uso di contratti di solidariet\u00e0 e della cassa integrazione, che fino al 2017 coinvolgevano poco pi\u00f9 dell\u20198% del dipendenti di FCA; i numeri sarebbero saliti al 12-15% e nel 2019 dovrebbero ulteriormente aumentare. Inoltre, la Fim-Cisl ritiene che il provvedimento introdotto dal Governo con la Legge di Bilancio, che prevede la tassazione progressiva dei veicoli a combustione, non far\u00e0 altro che peggiorare la situazione. La nuova misura riguarder\u00e0 pi\u00f9 di 15 modelli prodotti negli stabilimenti italiani e, come diretta conseguenza, avr\u00e0 un impatto negativo  sull\u2019occupazione.<\/p>\n","protected":false},"excerpt":{"rendered":"","protected":false},"author":10,"featured_media":14316,"comment_status":"open","ping_status":"closed","sticky":false,"template":"","format":"standard","meta":[],"categories":[7],"tags":[],"news-destination":[],"news-source":[],"is_homepage":[],"ta_other":[],"_links":{"self":[{"href":"https:\/\/www.ilmercoledi.news\/ilmercoledi\/news\/wp-json\/wp\/v2\/posts\/14314"}],"collection":[{"href":"https:\/\/www.ilmercoledi.news\/ilmercoledi\/news\/wp-json\/wp\/v2\/posts"}],"about":[{"href":"https:\/\/www.ilmercoledi.news\/ilmercoledi\/news\/wp-json\/wp\/v2\/types\/post"}],"author":[{"embeddable":true,"href":"https:\/\/www.ilmercoledi.news\/ilmercoledi\/news\/wp-json\/wp\/v2\/users\/10"}],"replies":[{"embeddable":true,"href":"https:\/\/www.ilmercoledi.news\/ilmercoledi\/news\/wp-json\/wp\/v2\/comments?post=14314"}],"version-history":[{"count":1,"href":"https:\/\/www.ilmercoledi.news\/ilmercoledi\/news\/wp-json\/wp\/v2\/posts\/14314\/revisions"}],"predecessor-version":[{"id":14317,"href":"https:\/\/www.ilmercoledi.news\/ilmercoledi\/news\/wp-json\/wp\/v2\/posts\/14314\/revisions\/14317"}],"wp:featuredmedia":[{"embeddable":true,"href":"https:\/\/www.ilmercoledi.news\/ilmercoledi\/news\/wp-json\/wp\/v2\/media\/14316"}],"wp:attachment":[{"href":"https:\/\/www.ilmercoledi.news\/ilmercoledi\/news\/wp-json\/wp\/v2\/media?parent=14314"}],"wp:term":[{"taxonomy":"category","embeddable":true,"href":"https:\/\/www.ilmercoledi.news\/ilmercoledi\/news\/wp-json\/wp\/v2\/categories?post=14314"},{"taxonomy":"post_tag","embeddable":true,"href":"https:\/\/www.ilmercoledi.news\/ilmercoledi\/news\/wp-json\/wp\/v2\/tags?post=14314"},{"taxonomy":"news-destination","embeddable":true,"href":"https:\/\/www.ilmercoledi.news\/ilmercoledi\/news\/wp-json\/wp\/v2\/news-destination?post=14314"},{"taxonomy":"news-source","embeddable":true,"href":"https:\/\/www.ilmercoledi.news\/ilmercoledi\/news\/wp-json\/wp\/v2\/news-source?post=14314"},{"taxonomy":"is_homepage","embeddable":true,"href":"https:\/\/www.ilmercoledi.news\/ilmercoledi\/news\/wp-json\/wp\/v2\/is_homepage?post=14314"},{"taxonomy":"ta_other","embeddable":true,"href":"https:\/\/www.ilmercoledi.news\/ilmercoledi\/news\/wp-json\/wp\/v2\/ta_other?post=14314"}],"curies":[{"name":"wp","href":"https:\/\/api.w.org\/{rel}","templated":true}]}}