{"id":14323,"date":"2019-01-07T12:29:45","date_gmt":"2019-01-07T11:29:45","guid":{"rendered":"http:\/\/euwps02.tecnavia.com\/ilmercoledi\/news\/?p=14323"},"modified":"2019-01-07T12:29:47","modified_gmt":"2019-01-07T11:29:47","slug":"motori-lice-challenge-ci-riprova-a-livigno","status":"publish","type":"post","link":"https:\/\/www.ilmercoledi.news\/2019\/01\/07\/motori-lice-challenge-ci-riprova-a-livigno\/","title":{"rendered":"MOTORI &#8211; L\u2019Ice Challenge ci riprova a Livigno"},"content":{"rendered":"<p>MONCALIERI &#8211; Quest\u2019anno tocca alla pista di Livigno aprire la stagione 2019 di The Ice Challenge, la serie bianca valida come Campionato Italiano Velocit\u00e0 su Ghiaccio, organizzata dallaBMG Motor Events di Luca e Simone Meneghetti. La prima gara della stagione, in programma sabato 12 e domenica 13 gennaio, sar\u00e0 una specie di famiglia Bormolini contro il resto del mondo, visto che la casata da corsa locale si schierer\u00e0 al completo con il capofila Oliviero, insieme a Mauro, Alessio, Andrea, Loris e il giovanissimo Michele con le loro vetture, quali Delta S4, \u0160koda Fabia R5, Ford Fiesta R5 e Mazda 323, e dovranno vedersela con i concorrenti che saliranno ai 1800 metri dell\u2019Alta Valtellina da tutto il Nord Italia e dalla vicina Svizzera.<br \/>\nAssalto alla Valtellina. Lo scorso anno fu una delle gare pi\u00f9 combattute e spettacolari di The Ice Challenge della stagione. Da un lato ci fu la famiglia Bormolini guidata da Oliviero e con in evidenza anche l\u2019allora sedicenne Michele, dall\u2019altra i concorrenti provenienti da oltre Bormio, con Ivan Carmellino in doppia evidenza con la sue Mitsubishi e Subaru. E quest\u2019anno, come un opera teatrale di Agatha Christie, sempre uguale, sempre diversa, sempre appassionante, la gara di Livigno proporr\u00e0 gli stessi temi, con molti dei precedenti protagonisti sul palcoscenico ghiacciato a dare spettacolo.<br \/>\nFra i piloti che hanno gi\u00e0 dato la loro conferma ci sar\u00e0 Ivan Carmellino che probabilmente rispolverer\u00e0 la sua Punto Proto con la quale diede spettacolo in The Ice Challenge di tre anni fa. Sicuri alla partenza saranno tre dei maggiori antagonisti della scorsa edizione della gara valtellinese; ovvero Sergio Durante, che ha trascorso la prima parte dell\u2019inverno ad affinare la sua Citro\u00ebn DS3 WRC con cui vinse il Master King a Livigno 2018; Giovanni Saracco che lo scorso anno mise in crisi con la sua velocit\u00e0 i \u201csenatori\u201d della gara partendo addirittura in pole position al Master King e che quest\u2019anno avr\u00e0 a disposizione una Mitsubishi Lancer, e Aldo Pistono, velocissimo ma non sempre fortunato con la sua Opel Astra Proto.<br \/>\nE per citare ancora qualcuno dei possibili protagonisti non bisogna dimenticare il giovanissimo, ma gi\u00e0 campione, Alessandro Pettenuzzo che dopo un anno di riposo sabbatico riparte con la suaMitsubishi alla ricerca del bis nel titolo tricolore su ghiaccio che ha conquistato nel 2017. Altro giovane al via Matteo Antonazzo, al momento in bilico fra Delta e Mitsubishi, oltre al sempre presente Alex Pregnolato con la sua Subaru Impreza, gemella di quella di Enrico Tengattini. E questo per quanto riguarda le vetture 4&#215;4, ma uguale battaglia si assister\u00e0 fra le tutto avanti dove l\u2019uomo da battere \u00e8 Mattia Cola con la Volkswagen Golf. Come sar\u00e0 battaglia, e lo scorso anno \u00e8 stata spettacolare e adrenalinica sul filo dei millesimi, nei Kart Cross con il chierese della Valle d\u2019Aosta Armando Bracco che dovr\u00e0 rintuzzare gli attacchi di almeno altri quattro concorrenti, fra i quali i temibilissimi Raffaele Silvestri, Simone Firenze e Luca Maspoli. Lo scorso anno ci riusc\u00ec sul filo di lana; quest\u2019anno gli avversari sono preparati per il meglio.<\/p>\n","protected":false},"excerpt":{"rendered":"","protected":false},"author":10,"featured_media":14324,"comment_status":"open","ping_status":"closed","sticky":false,"template":"","format":"standard","meta":[],"categories":[10],"tags":[],"news-destination":[],"news-source":[],"is_homepage":[],"ta_other":[],"_links":{"self":[{"href":"https:\/\/www.ilmercoledi.news\/ilmercoledi\/news\/wp-json\/wp\/v2\/posts\/14323"}],"collection":[{"href":"https:\/\/www.ilmercoledi.news\/ilmercoledi\/news\/wp-json\/wp\/v2\/posts"}],"about":[{"href":"https:\/\/www.ilmercoledi.news\/ilmercoledi\/news\/wp-json\/wp\/v2\/types\/post"}],"author":[{"embeddable":true,"href":"https:\/\/www.ilmercoledi.news\/ilmercoledi\/news\/wp-json\/wp\/v2\/users\/10"}],"replies":[{"embeddable":true,"href":"https:\/\/www.ilmercoledi.news\/ilmercoledi\/news\/wp-json\/wp\/v2\/comments?post=14323"}],"version-history":[{"count":1,"href":"https:\/\/www.ilmercoledi.news\/ilmercoledi\/news\/wp-json\/wp\/v2\/posts\/14323\/revisions"}],"predecessor-version":[{"id":14325,"href":"https:\/\/www.ilmercoledi.news\/ilmercoledi\/news\/wp-json\/wp\/v2\/posts\/14323\/revisions\/14325"}],"wp:featuredmedia":[{"embeddable":true,"href":"https:\/\/www.ilmercoledi.news\/ilmercoledi\/news\/wp-json\/wp\/v2\/media\/14324"}],"wp:attachment":[{"href":"https:\/\/www.ilmercoledi.news\/ilmercoledi\/news\/wp-json\/wp\/v2\/media?parent=14323"}],"wp:term":[{"taxonomy":"category","embeddable":true,"href":"https:\/\/www.ilmercoledi.news\/ilmercoledi\/news\/wp-json\/wp\/v2\/categories?post=14323"},{"taxonomy":"post_tag","embeddable":true,"href":"https:\/\/www.ilmercoledi.news\/ilmercoledi\/news\/wp-json\/wp\/v2\/tags?post=14323"},{"taxonomy":"news-destination","embeddable":true,"href":"https:\/\/www.ilmercoledi.news\/ilmercoledi\/news\/wp-json\/wp\/v2\/news-destination?post=14323"},{"taxonomy":"news-source","embeddable":true,"href":"https:\/\/www.ilmercoledi.news\/ilmercoledi\/news\/wp-json\/wp\/v2\/news-source?post=14323"},{"taxonomy":"is_homepage","embeddable":true,"href":"https:\/\/www.ilmercoledi.news\/ilmercoledi\/news\/wp-json\/wp\/v2\/is_homepage?post=14323"},{"taxonomy":"ta_other","embeddable":true,"href":"https:\/\/www.ilmercoledi.news\/ilmercoledi\/news\/wp-json\/wp\/v2\/ta_other?post=14323"}],"curies":[{"name":"wp","href":"https:\/\/api.w.org\/{rel}","templated":true}]}}