{"id":14360,"date":"2019-01-08T09:21:58","date_gmt":"2019-01-08T08:21:58","guid":{"rendered":"http:\/\/euwps02.tecnavia.com\/ilmercoledi\/news\/?p=14360"},"modified":"2019-01-08T09:22:00","modified_gmt":"2019-01-08T08:22:00","slug":"ladruncoli-arrestati-in-piazza-bengasi","status":"publish","type":"post","link":"https:\/\/www.ilmercoledi.news\/2019\/01\/08\/ladruncoli-arrestati-in-piazza-bengasi\/","title":{"rendered":"Ladruncoli arrestati in piazza Bengasi"},"content":{"rendered":"<p>MONCALIERI &#8211; La polizia ha arrestato, nel tardo pomeriggio di sabato, due ladri che si erano dati da fare in piazza Bengasi. Nel dettaglio la piccola banda, composta da tre soggetti uno dei quali ha fatto perdere completamente le proprie tracce, aveva preso di mira un furgone attrezzato per la vendita dei panini, ma quando lo hanno aperto hanno scoperto che al suo interno c&#8217;era il proprietario che \u00e8 immediatamente riuscito a fermare uno dei malfattori, rivelatosi essere un 24enne di nazionalit\u00e0 romena. E subito dopo \u00e8 giunta sul posto una volante della questura che ha provveduto al fermo del soggetto. Nel frattempo, uno dei due malviventi fuggi \u00e8 tornato sul luogo del misfatto chiedendo che il suo complice, ovvero suo cugino, venisse liberato. Ovviamente gli agenti non avevano motivo dio arrestare anche lui, ma un negoziante della zona lo ha riconosciuto come uno degli autori dell&#8217;assalto al furgone, cos\u00ec anche lui \u00e8 finito in manette con l&#8217;accusa di furto aggravato.<\/p>\n","protected":false},"excerpt":{"rendered":"","protected":false},"author":10,"featured_media":8690,"comment_status":"open","ping_status":"closed","sticky":false,"template":"","format":"standard","meta":[],"categories":[8],"tags":[],"news-destination":[],"news-source":[],"is_homepage":[],"ta_other":[],"_links":{"self":[{"href":"https:\/\/www.ilmercoledi.news\/ilmercoledi\/news\/wp-json\/wp\/v2\/posts\/14360"}],"collection":[{"href":"https:\/\/www.ilmercoledi.news\/ilmercoledi\/news\/wp-json\/wp\/v2\/posts"}],"about":[{"href":"https:\/\/www.ilmercoledi.news\/ilmercoledi\/news\/wp-json\/wp\/v2\/types\/post"}],"author":[{"embeddable":true,"href":"https:\/\/www.ilmercoledi.news\/ilmercoledi\/news\/wp-json\/wp\/v2\/users\/10"}],"replies":[{"embeddable":true,"href":"https:\/\/www.ilmercoledi.news\/ilmercoledi\/news\/wp-json\/wp\/v2\/comments?post=14360"}],"version-history":[{"count":1,"href":"https:\/\/www.ilmercoledi.news\/ilmercoledi\/news\/wp-json\/wp\/v2\/posts\/14360\/revisions"}],"predecessor-version":[{"id":14361,"href":"https:\/\/www.ilmercoledi.news\/ilmercoledi\/news\/wp-json\/wp\/v2\/posts\/14360\/revisions\/14361"}],"wp:featuredmedia":[{"embeddable":true,"href":"https:\/\/www.ilmercoledi.news\/ilmercoledi\/news\/wp-json\/wp\/v2\/media\/8690"}],"wp:attachment":[{"href":"https:\/\/www.ilmercoledi.news\/ilmercoledi\/news\/wp-json\/wp\/v2\/media?parent=14360"}],"wp:term":[{"taxonomy":"category","embeddable":true,"href":"https:\/\/www.ilmercoledi.news\/ilmercoledi\/news\/wp-json\/wp\/v2\/categories?post=14360"},{"taxonomy":"post_tag","embeddable":true,"href":"https:\/\/www.ilmercoledi.news\/ilmercoledi\/news\/wp-json\/wp\/v2\/tags?post=14360"},{"taxonomy":"news-destination","embeddable":true,"href":"https:\/\/www.ilmercoledi.news\/ilmercoledi\/news\/wp-json\/wp\/v2\/news-destination?post=14360"},{"taxonomy":"news-source","embeddable":true,"href":"https:\/\/www.ilmercoledi.news\/ilmercoledi\/news\/wp-json\/wp\/v2\/news-source?post=14360"},{"taxonomy":"is_homepage","embeddable":true,"href":"https:\/\/www.ilmercoledi.news\/ilmercoledi\/news\/wp-json\/wp\/v2\/is_homepage?post=14360"},{"taxonomy":"ta_other","embeddable":true,"href":"https:\/\/www.ilmercoledi.news\/ilmercoledi\/news\/wp-json\/wp\/v2\/ta_other?post=14360"}],"curies":[{"name":"wp","href":"https:\/\/api.w.org\/{rel}","templated":true}]}}