{"id":14386,"date":"2019-01-08T18:39:58","date_gmt":"2019-01-08T17:39:58","guid":{"rendered":"http:\/\/euwps02.tecnavia.com\/ilmercoledi\/news\/?p=14386"},"modified":"2019-01-08T18:40:00","modified_gmt":"2019-01-08T17:40:00","slug":"cambiano-distrugge-un-pilone-del-mercato-coperto-con-lauto-e-scappa","status":"publish","type":"post","link":"https:\/\/www.ilmercoledi.news\/2019\/01\/08\/cambiano-distrugge-un-pilone-del-mercato-coperto-con-lauto-e-scappa\/","title":{"rendered":"CAMBIANO &#8211; Distrugge un pilone del mercato coperto con l&#8217;auto e scappa"},"content":{"rendered":"<p>CAMBIANO &#8211; E\u2019 stato un errore di manovra, d\u2019accordo. Ma almeno poteva fermarsi, scendere dall\u2019auto e assumersi le proprie responsabilit\u00e0. E invece l\u2019automobilista che lo scorso 23 dicembre, a Cambiano, ha \u00abcentrato\u00bb, danneggiandolo, uno dei pilastri dell\u2019area coperta che ospita il mercato, ha ben pensato di allontanarsi facendo perdere le proprie tracce. E ora gli agenti del comando di polizia locale sono alla sua ricerca (il tipo di auto \u00e8 gi\u00e0 stato identificato, al resto provveder\u00e0 il sistema di videosorveglianza del paese), in modo che il Comune possa avere un nominativo a cui presentare il conto.<br \/>\nPer la cronaca il fatto si era verificato intorno alle 15.30 lungo l\u2019asse di via Borgarelli, strada che costeggia lo spazio preposto all\u2019allestimento delle bancarelle settimanali. All\u2019inizio sembrava una cosa da poco, ma con il trascorrere delle ore le condizioni del manufatto colpito dal veicolo sono peggiorate, al punto che in quei giorni il personale del palazzo civico si \u00e8 visto costretto a transennarlo nonch\u00e9 vietare la sosta e anche il temporaneo stazionamento nelle ultime due campate della tettoia, quelle nel lato rivolto verso via Cavour. L\u2019intervento di messa in sicurezza \u00e8 stato eseguito d\u2019urgenza la vigilia di Natale, ma per poter effettuare il resto del lavoro occorrer\u00e0 attendere il parere della soprintendenza.<\/p>\n","protected":false},"excerpt":{"rendered":"","protected":false},"author":10,"featured_media":2760,"comment_status":"open","ping_status":"closed","sticky":false,"template":"","format":"standard","meta":[],"categories":[34,8],"tags":[],"news-destination":[],"news-source":[],"is_homepage":[],"ta_other":[],"_links":{"self":[{"href":"https:\/\/www.ilmercoledi.news\/ilmercoledi\/news\/wp-json\/wp\/v2\/posts\/14386"}],"collection":[{"href":"https:\/\/www.ilmercoledi.news\/ilmercoledi\/news\/wp-json\/wp\/v2\/posts"}],"about":[{"href":"https:\/\/www.ilmercoledi.news\/ilmercoledi\/news\/wp-json\/wp\/v2\/types\/post"}],"author":[{"embeddable":true,"href":"https:\/\/www.ilmercoledi.news\/ilmercoledi\/news\/wp-json\/wp\/v2\/users\/10"}],"replies":[{"embeddable":true,"href":"https:\/\/www.ilmercoledi.news\/ilmercoledi\/news\/wp-json\/wp\/v2\/comments?post=14386"}],"version-history":[{"count":1,"href":"https:\/\/www.ilmercoledi.news\/ilmercoledi\/news\/wp-json\/wp\/v2\/posts\/14386\/revisions"}],"predecessor-version":[{"id":14387,"href":"https:\/\/www.ilmercoledi.news\/ilmercoledi\/news\/wp-json\/wp\/v2\/posts\/14386\/revisions\/14387"}],"wp:featuredmedia":[{"embeddable":true,"href":"https:\/\/www.ilmercoledi.news\/ilmercoledi\/news\/wp-json\/wp\/v2\/media\/2760"}],"wp:attachment":[{"href":"https:\/\/www.ilmercoledi.news\/ilmercoledi\/news\/wp-json\/wp\/v2\/media?parent=14386"}],"wp:term":[{"taxonomy":"category","embeddable":true,"href":"https:\/\/www.ilmercoledi.news\/ilmercoledi\/news\/wp-json\/wp\/v2\/categories?post=14386"},{"taxonomy":"post_tag","embeddable":true,"href":"https:\/\/www.ilmercoledi.news\/ilmercoledi\/news\/wp-json\/wp\/v2\/tags?post=14386"},{"taxonomy":"news-destination","embeddable":true,"href":"https:\/\/www.ilmercoledi.news\/ilmercoledi\/news\/wp-json\/wp\/v2\/news-destination?post=14386"},{"taxonomy":"news-source","embeddable":true,"href":"https:\/\/www.ilmercoledi.news\/ilmercoledi\/news\/wp-json\/wp\/v2\/news-source?post=14386"},{"taxonomy":"is_homepage","embeddable":true,"href":"https:\/\/www.ilmercoledi.news\/ilmercoledi\/news\/wp-json\/wp\/v2\/is_homepage?post=14386"},{"taxonomy":"ta_other","embeddable":true,"href":"https:\/\/www.ilmercoledi.news\/ilmercoledi\/news\/wp-json\/wp\/v2\/ta_other?post=14386"}],"curies":[{"name":"wp","href":"https:\/\/api.w.org\/{rel}","templated":true}]}}