{"id":14408,"date":"2019-01-09T09:53:32","date_gmt":"2019-01-09T08:53:32","guid":{"rendered":"http:\/\/euwps02.tecnavia.com\/ilmercoledi\/news\/?p=14408"},"modified":"2019-01-09T09:53:35","modified_gmt":"2019-01-09T08:53:35","slug":"cambiano-mostra-e-altri-eventi-dedicati-al-tema-della-rotte-migratorie","status":"publish","type":"post","link":"https:\/\/www.ilmercoledi.news\/2019\/01\/09\/cambiano-mostra-e-altri-eventi-dedicati-al-tema-della-rotte-migratorie\/","title":{"rendered":"CAMBIANO &#8211; Mostra e altri eventi dedicati al tema della rotte migratorie"},"content":{"rendered":"<p>CAMBIANO &#8211; Si chiama \u00abExit\u00bb ed \u00e8 una serie di eventi che Cambiano dedica interamente al tema delle rotte migratorie, delle quali narra le storie delle persone che loro malgrado fanno la scelta di lasciare il paese natio alla ricerca di una vita migliore, con tutte quello che consegue: arrivi e inclusione. Si comincia venerd\u00ec 11 gennaio, alle 17 nel salone consigliare del palazzo civico, con l\u2019inaugurazione della mostra alla presenza dell\u2019assessore regionale Monica Cerutti. L\u2019esposizione rester\u00e0 aperta fino al 27 gennaio (con ingresso libero) nei seguenti orari: mercoled\u00ec 9-13; sabato e domenica 15-18. Luned\u00ec 14 invece, alle 21 in biblioteca (via Lagrange, 1), serata con il fotografo Mauro Donato in collaborazione con il Circolo Fotografico Autofocus. Il reporter parler\u00e0 ai presenti della sua esperienza in Bosnia. Infine, sabato 17, alle 17 nuovamente nel presidio culturale della cittadina, verr\u00e0 presentato il libro Andata e ritorno curato da Luciana Portis. Quest\u2019ultimo appuntamento viene gestito insieme al Centro Interculturale di Torino.<\/p>\n","protected":false},"excerpt":{"rendered":"","protected":false},"author":10,"featured_media":14410,"comment_status":"open","ping_status":"closed","sticky":false,"template":"","format":"standard","meta":[],"categories":[34,9],"tags":[],"news-destination":[],"news-source":[],"is_homepage":[],"ta_other":[],"_links":{"self":[{"href":"https:\/\/www.ilmercoledi.news\/ilmercoledi\/news\/wp-json\/wp\/v2\/posts\/14408"}],"collection":[{"href":"https:\/\/www.ilmercoledi.news\/ilmercoledi\/news\/wp-json\/wp\/v2\/posts"}],"about":[{"href":"https:\/\/www.ilmercoledi.news\/ilmercoledi\/news\/wp-json\/wp\/v2\/types\/post"}],"author":[{"embeddable":true,"href":"https:\/\/www.ilmercoledi.news\/ilmercoledi\/news\/wp-json\/wp\/v2\/users\/10"}],"replies":[{"embeddable":true,"href":"https:\/\/www.ilmercoledi.news\/ilmercoledi\/news\/wp-json\/wp\/v2\/comments?post=14408"}],"version-history":[{"count":1,"href":"https:\/\/www.ilmercoledi.news\/ilmercoledi\/news\/wp-json\/wp\/v2\/posts\/14408\/revisions"}],"predecessor-version":[{"id":14411,"href":"https:\/\/www.ilmercoledi.news\/ilmercoledi\/news\/wp-json\/wp\/v2\/posts\/14408\/revisions\/14411"}],"wp:featuredmedia":[{"embeddable":true,"href":"https:\/\/www.ilmercoledi.news\/ilmercoledi\/news\/wp-json\/wp\/v2\/media\/14410"}],"wp:attachment":[{"href":"https:\/\/www.ilmercoledi.news\/ilmercoledi\/news\/wp-json\/wp\/v2\/media?parent=14408"}],"wp:term":[{"taxonomy":"category","embeddable":true,"href":"https:\/\/www.ilmercoledi.news\/ilmercoledi\/news\/wp-json\/wp\/v2\/categories?post=14408"},{"taxonomy":"post_tag","embeddable":true,"href":"https:\/\/www.ilmercoledi.news\/ilmercoledi\/news\/wp-json\/wp\/v2\/tags?post=14408"},{"taxonomy":"news-destination","embeddable":true,"href":"https:\/\/www.ilmercoledi.news\/ilmercoledi\/news\/wp-json\/wp\/v2\/news-destination?post=14408"},{"taxonomy":"news-source","embeddable":true,"href":"https:\/\/www.ilmercoledi.news\/ilmercoledi\/news\/wp-json\/wp\/v2\/news-source?post=14408"},{"taxonomy":"is_homepage","embeddable":true,"href":"https:\/\/www.ilmercoledi.news\/ilmercoledi\/news\/wp-json\/wp\/v2\/is_homepage?post=14408"},{"taxonomy":"ta_other","embeddable":true,"href":"https:\/\/www.ilmercoledi.news\/ilmercoledi\/news\/wp-json\/wp\/v2\/ta_other?post=14408"}],"curies":[{"name":"wp","href":"https:\/\/api.w.org\/{rel}","templated":true}]}}