{"id":14478,"date":"2019-01-11T08:10:56","date_gmt":"2019-01-11T07:10:56","guid":{"rendered":"http:\/\/euwps02.tecnavia.com\/ilmercoledi\/news\/?p=14478"},"modified":"2019-01-11T08:10:59","modified_gmt":"2019-01-11T07:10:59","slug":"rifiuti-numeri-importanti-per-liniziativa-del-covar-con-le-scuole","status":"publish","type":"post","link":"https:\/\/www.ilmercoledi.news\/2019\/01\/11\/rifiuti-numeri-importanti-per-liniziativa-del-covar-con-le-scuole\/","title":{"rendered":"RIFIUTI &#8211; Numeri importanti per l&#8217;iniziativa del Covar con le scuole"},"content":{"rendered":"<p>Oltre diecimila studenti impegnati in 524 attivit\u00e0 , tra lezioni\u00a0 interattive,\u00a0 laboratori, esperienze, visite agli impianti, proposte da Covar14 alle scuole dei suoi 19 Comuni. I numeri provano\u00a0 il gradimento riscosso da Missione Ambiente &#8211; Le scuole\u00a0 di Covar14 in azione , il progetto di educazione ambienta le che esordisce luned\u00ec e , anche per l\u2019anno scolastico 2018 &#8211; 2019, parla a bambini e ragazzi di raccolta differenziata, compostaggio,\u00a0 importanza del riciclo, buone abitudini e riuso creativo. \u201cCome ogni anno, Covar14 torna a confrontarsi con i cittadini pi\u00f9 giovani, con la\u00a0 consapevolezza che,\u00a0 sul\u00a0 fronte\u00a0 della gestione\u00a0 de i\u00a0 rifiuti,\u00a0 sono\u00a0 loro\u00a0 che\u00a0 daranno\u00a0 una\u00a0 vera\u00a0 svolta &#8211; commenta Leonardo\u00a0 Di\u00a0 Crescenzo,\u00a0 presidente\u00a0 del\u00a0 Consiglio\u00a0 di\u00a0 Amministrazione\u00a0 del\u00a0 consorzio &#8211; Per\u00a0 tutte\u00a0 le altre generazioni, dagli adulti agli anziani, l\u2019impegno \u00e8 frutto di una scelta personale, della volont\u00e0 di\u00a0 ognuno e di quanto la singola persona capisce l\u2019importanza di quello che fa per l\u2019ambiente. Bambini e ragazzi,\u00a0 invece, stanno crescendo con una nuova consapevolezza e la\u00a0 loro pu\u00f2 essere la scelta collettiva di una generazione, che conosce i rischi legati all\u2019inquinamento selvaggio e alla cattiva gestione de i rifiuti. E\u2019 un salto di qualit\u00e0 nella percezione di quanto ognuno \u00e8 responsabile nei confronti di tutto ci\u00f2 che lo circonda&#8221;.<\/p>\n","protected":false},"excerpt":{"rendered":"","protected":false},"author":11,"featured_media":6091,"comment_status":"open","ping_status":"closed","sticky":false,"template":"","format":"standard","meta":[],"categories":[34],"tags":[],"news-destination":[],"news-source":[],"is_homepage":[],"ta_other":[],"_links":{"self":[{"href":"https:\/\/www.ilmercoledi.news\/ilmercoledi\/news\/wp-json\/wp\/v2\/posts\/14478"}],"collection":[{"href":"https:\/\/www.ilmercoledi.news\/ilmercoledi\/news\/wp-json\/wp\/v2\/posts"}],"about":[{"href":"https:\/\/www.ilmercoledi.news\/ilmercoledi\/news\/wp-json\/wp\/v2\/types\/post"}],"author":[{"embeddable":true,"href":"https:\/\/www.ilmercoledi.news\/ilmercoledi\/news\/wp-json\/wp\/v2\/users\/11"}],"replies":[{"embeddable":true,"href":"https:\/\/www.ilmercoledi.news\/ilmercoledi\/news\/wp-json\/wp\/v2\/comments?post=14478"}],"version-history":[{"count":1,"href":"https:\/\/www.ilmercoledi.news\/ilmercoledi\/news\/wp-json\/wp\/v2\/posts\/14478\/revisions"}],"predecessor-version":[{"id":14479,"href":"https:\/\/www.ilmercoledi.news\/ilmercoledi\/news\/wp-json\/wp\/v2\/posts\/14478\/revisions\/14479"}],"wp:featuredmedia":[{"embeddable":true,"href":"https:\/\/www.ilmercoledi.news\/ilmercoledi\/news\/wp-json\/wp\/v2\/media\/6091"}],"wp:attachment":[{"href":"https:\/\/www.ilmercoledi.news\/ilmercoledi\/news\/wp-json\/wp\/v2\/media?parent=14478"}],"wp:term":[{"taxonomy":"category","embeddable":true,"href":"https:\/\/www.ilmercoledi.news\/ilmercoledi\/news\/wp-json\/wp\/v2\/categories?post=14478"},{"taxonomy":"post_tag","embeddable":true,"href":"https:\/\/www.ilmercoledi.news\/ilmercoledi\/news\/wp-json\/wp\/v2\/tags?post=14478"},{"taxonomy":"news-destination","embeddable":true,"href":"https:\/\/www.ilmercoledi.news\/ilmercoledi\/news\/wp-json\/wp\/v2\/news-destination?post=14478"},{"taxonomy":"news-source","embeddable":true,"href":"https:\/\/www.ilmercoledi.news\/ilmercoledi\/news\/wp-json\/wp\/v2\/news-source?post=14478"},{"taxonomy":"is_homepage","embeddable":true,"href":"https:\/\/www.ilmercoledi.news\/ilmercoledi\/news\/wp-json\/wp\/v2\/is_homepage?post=14478"},{"taxonomy":"ta_other","embeddable":true,"href":"https:\/\/www.ilmercoledi.news\/ilmercoledi\/news\/wp-json\/wp\/v2\/ta_other?post=14478"}],"curies":[{"name":"wp","href":"https:\/\/api.w.org\/{rel}","templated":true}]}}