{"id":14484,"date":"2019-01-11T10:12:34","date_gmt":"2019-01-11T09:12:34","guid":{"rendered":"http:\/\/euwps02.tecnavia.com\/ilmercoledi\/news\/?p=14484"},"modified":"2019-01-11T10:12:36","modified_gmt":"2019-01-11T09:12:36","slug":"motori-37-iscritti-alla-prima-dellice-challenge-il-moncalierese-saracco-il-pole-position","status":"publish","type":"post","link":"https:\/\/www.ilmercoledi.news\/2019\/01\/11\/motori-37-iscritti-alla-prima-dellice-challenge-il-moncalierese-saracco-il-pole-position\/","title":{"rendered":"MOTORI &#8211; 37 iscritti alla prima dell\u2019Ice Challenge. Il moncalierese Saracco il pole position"},"content":{"rendered":"<p>MONCALIERI &#8211; La matematica definisce il 37 come numero fortunato per le sue peculiarit\u00e0. Ed il 37 \u00e8 certamente un numero fortunato per The Ice Challenge 2019 \u2013 Campionato Italiano Velocit\u00e0 su Ghiaccio che inaugura la stagione a Livigno sabato 12 e domenica 13 gennaio con 37 iscritti alla prima gara. \u201cSiamo molto soddisfatti del successo ottenuto da questa prima gara della serie\u201d commentano soddisfatti Luca e Simone Meneghetti di BMG Motor Events, i promoter della Serie che proseguono: \u201cOltre ad un ottimo risultato numerico abbiamo conseguito un eccellente livello qualitativo che garantir\u00e0 uno spettacolo elettrizzante nelle gare in pista. I grandi specialisti del traverso su ghiaccio ci sono tutti\u201d. Fra i 37 iscritti il numero 1 va di diritto al campione in carica, Sergio Durante (Citro\u00ebn DS3) che dovr\u00e0 vedersela con tutti quelli che sono stati i grandi avversari della scorsa stagione, a cominciare da Luciano Cobbe (Ford Focus) Aldo Pistono (Opel Astra) e Rudi Bicciato (Lancia Delta). E ci saranno anche due dei piloti che hanno dato maggiormente spettacolo lo scorso anno qui a Livigno, ovvero Ivan Carmellino, che quest\u2019anno ha optato per la Grande Punto Proto e Giovanni Saracco che ha lasciato la Delta per passare alla Mitsubishi Lancer. Sulla pista di casa non poteva mancare la bella sestina della famiglia Bormolini, con Oliviero e Loris che si divideranno la muscolosa Delta S4. Alessio e Michele faranno faville con la \u0160koda Fabia R5 ed infine Mauro ed Andrea che vivranno una domenica di traverso con la loro Mazda 323. Altro livignasco DOC \u00e8 Gigi Galli, omonimo del pilota impegnato nel mondiale rally una decina di anni fa, che avr\u00e0 a disposizione la Mitsubishi Lancer. Ma l\u2019elenco dei pretendenti ad una posizione di prestigio nelle classifica finale non finisce qui. Adriano Zanatta divider\u00e0 la sua Mitsubishi Lancer con il figlio Massimiliano, il giovane e promettente Lukas Bicciato avr\u00e0 nuovamente la Delta, vettura che sar\u00e0 il cavallo di battaglia anche di un altro giovane protagonista, Matteo Antonazzo. La Mitsubishi Lancer \u00e8 la vettura scelta daLuca Cortellazzi, Luca Maspoli che ha lasciato i Kart Cross per passare alle quattro ruote motrici, i fratelli Gabriele e Gianluca Casadei ed Andrea Caspani. La Subaru Impreza \u00e8 il cavallo di battaglia di Alessandro Pregnolato, dello svizzero Erik Lindeblad, Enrico Tengattini e di Maurizio Giovannini e Fulvio Benazzoli che divideranno la loro berlina da corsa giapponese. Infine fra le 4&#215;4 avremo il rientro di Franco Mollo e la sua Ford Fiesta Proto oltre al vicentino Massimo Snichelotto che sar\u00e0 della partita con la Peugeot 206 WRC. Ma non ci saranno solo le vetture a trazione integrale. Le tutto avanti vedranno la sfida fra la Volkswagen Golf di Mattia Cola e Sergio Giacomuzzi e la Citro\u00ebn AX di Paolo Sottosanti, mentre l\u2019accesa battaglia fra i Kart Cross vivr\u00e0 nel confronto fra lo Speedkart di Armando Bracco i Kamikaz di Christian Tiramani e Raffaele Silvestri e il K3 Planet Kart di Simone Firenze. E per non farsi mancare nulla ci sar\u00e0 anche il tocco rosa, rappresentato da Virginia Mongini, che sfider\u00e0 gli avversari maschi con il suo Kamikaz-2.<\/p>\n","protected":false},"excerpt":{"rendered":"","protected":false},"author":10,"featured_media":852,"comment_status":"open","ping_status":"closed","sticky":false,"template":"","format":"standard","meta":[],"categories":[252,10],"tags":[],"news-destination":[],"news-source":[],"is_homepage":[],"ta_other":[],"_links":{"self":[{"href":"https:\/\/www.ilmercoledi.news\/ilmercoledi\/news\/wp-json\/wp\/v2\/posts\/14484"}],"collection":[{"href":"https:\/\/www.ilmercoledi.news\/ilmercoledi\/news\/wp-json\/wp\/v2\/posts"}],"about":[{"href":"https:\/\/www.ilmercoledi.news\/ilmercoledi\/news\/wp-json\/wp\/v2\/types\/post"}],"author":[{"embeddable":true,"href":"https:\/\/www.ilmercoledi.news\/ilmercoledi\/news\/wp-json\/wp\/v2\/users\/10"}],"replies":[{"embeddable":true,"href":"https:\/\/www.ilmercoledi.news\/ilmercoledi\/news\/wp-json\/wp\/v2\/comments?post=14484"}],"version-history":[{"count":1,"href":"https:\/\/www.ilmercoledi.news\/ilmercoledi\/news\/wp-json\/wp\/v2\/posts\/14484\/revisions"}],"predecessor-version":[{"id":14485,"href":"https:\/\/www.ilmercoledi.news\/ilmercoledi\/news\/wp-json\/wp\/v2\/posts\/14484\/revisions\/14485"}],"wp:featuredmedia":[{"embeddable":true,"href":"https:\/\/www.ilmercoledi.news\/ilmercoledi\/news\/wp-json\/wp\/v2\/media\/852"}],"wp:attachment":[{"href":"https:\/\/www.ilmercoledi.news\/ilmercoledi\/news\/wp-json\/wp\/v2\/media?parent=14484"}],"wp:term":[{"taxonomy":"category","embeddable":true,"href":"https:\/\/www.ilmercoledi.news\/ilmercoledi\/news\/wp-json\/wp\/v2\/categories?post=14484"},{"taxonomy":"post_tag","embeddable":true,"href":"https:\/\/www.ilmercoledi.news\/ilmercoledi\/news\/wp-json\/wp\/v2\/tags?post=14484"},{"taxonomy":"news-destination","embeddable":true,"href":"https:\/\/www.ilmercoledi.news\/ilmercoledi\/news\/wp-json\/wp\/v2\/news-destination?post=14484"},{"taxonomy":"news-source","embeddable":true,"href":"https:\/\/www.ilmercoledi.news\/ilmercoledi\/news\/wp-json\/wp\/v2\/news-source?post=14484"},{"taxonomy":"is_homepage","embeddable":true,"href":"https:\/\/www.ilmercoledi.news\/ilmercoledi\/news\/wp-json\/wp\/v2\/is_homepage?post=14484"},{"taxonomy":"ta_other","embeddable":true,"href":"https:\/\/www.ilmercoledi.news\/ilmercoledi\/news\/wp-json\/wp\/v2\/ta_other?post=14484"}],"curies":[{"name":"wp","href":"https:\/\/api.w.org\/{rel}","templated":true}]}}